{"id":2969,"date":"2016-04-07T16:16:19","date_gmt":"2016-04-07T15:16:19","guid":{"rendered":"https:\/\/www.waynext.com\/waytrends\/?p=2969"},"modified":"2018-02-19T11:49:09","modified_gmt":"2018-02-19T11:49:09","slug":"gestao-de-comunidade-no-facebook","status":"publish","type":"post","link":"https:\/\/www.waynext.com\/waytrends\/gestao-de-comunidade-no-facebook\/","title":{"rendered":"Gest\u00e3o de comunidade no Facebook &#8211; tudo o que precisa de saber"},"content":{"rendered":"<p style=\"text-align: left;\"><span style=\"color: #000000;\">5 mil milh\u00f5es de utilizadores seria pouco mais que metade da popula\u00e7\u00e3o mundial, que em 2030 dever\u00e1 ser de 8,5 mil milh\u00f5es, segundo estimativas das Na\u00e7\u00f5es Unidas. O Facebook \u00e9, j\u00e1 hoje, a maior rede social do mundo, mas o seu crescimento est\u00e1 dependente do n\u00famero de pessoas ligadas \u00e0 Internet. 4,1 mil milh\u00f5es de pessoas vivem desconectados contra 3,2 mil milh\u00f5es que est\u00e3o online (45% da popula\u00e7\u00e3o mundial).<\/span><\/p>\n<p><span style=\"color: #000000;\"><span style=\"font-weight: 400;\">Os dados s\u00e3o do <a href=\"http:\/\/Internet.org\" class=\"autohyperlink\" target=\"_blank\">Internet.org<\/a>, uma ambiciosa e estrat\u00e9gica iniciativa do Facebook e de mais algumas empresas para <\/span><span style=\"font-weight: 400;\">conectar todo o mundo \u00e0 Internet. O <a href=\"http:\/\/Internet.org\" class=\"autohyperlink\" target=\"_blank\">Internet.org<\/a> \u00e9 hoje respons\u00e1vel por ligar \u00e0 grande rede cerca de mil milh\u00f5es de pessoas que anteriormente estavam desconectadas, atrav\u00e9s do servi\u00e7o Free Basics e de outras iniciativas pensadas localmente.<\/span><\/span><\/p>\n<p>&nbsp;<\/p>\n<p><img loading=\"lazy\" decoding=\"async\" class=\"aligncenter wp-image-2979 size-full\" src=\"https:\/\/www.waynext.com\/waytrends\/wp-content\/uploads\/2016\/04\/facebook-foto-print.jpg\" alt=\"Facebook Mark Zuckerberg\" width=\"700\" height=\"403\" srcset=\"https:\/\/www.waynext.com\/waytrends\/wp-content\/uploads\/2016\/04\/facebook-foto-print.jpg 700w, https:\/\/www.waynext.com\/waytrends\/wp-content\/uploads\/2016\/04\/facebook-foto-print-622x358.jpg 622w\" sizes=\"auto, (max-width: 700px) 100vw, 700px\" \/><\/p>\n<p style=\"text-align: center;\"><span style=\"color: #000000;\"><a href=\"https:\/\/www.facebook.com\/photo.php?fbid=10101869091776891&amp;amp;set=a.612287952871.2204760.4&amp;amp;type=1&amp;amp;theater&quot; target=&quot;_blank&quot;\" target=\"_blank\" rel=\"noopener\">Fonte: Mark Zuckerberg<\/a><\/span><\/p>\n<p>&nbsp;<\/p>\n<p><span style=\"font-weight: 400; color: #000000;\">Para Zuckerberg, uma liga\u00e7\u00e3o \u00e0 Internet \u00e9 um direito uma vez que permite o acesso a servi\u00e7os b\u00e1sicos como boletins meteorol\u00f3gicos, not\u00edcias, enciclop\u00e9dias, mensagens, ferramentas de sa\u00fade e homebanking. Tudo instrumentos que, na perspectiva do executivo, deveriam estar acess\u00edveis a todos. O Free Basics, uma das iniciativas do <a href=\"http:\/\/Internet.org\" class=\"autohyperlink\" target=\"_blank\">Internet.org<\/a>, \u00e9 um servi\u00e7o de Internet gratuito, dispon\u00edvel em 30 pa\u00edses para cerca de 20 milh\u00f5es de pessoas. D\u00e1 acesso gratuito a um n\u00famero limitado de servi\u00e7os online, como o Facebook, o Messenger, a Wikip\u00e9dia, o Google Search ou o AccuWeather.<\/span><\/p>\n<p><span style=\"font-weight: 400; color: #000000;\">Se a conectividade \u00e9 um direito para Zuckerberg, o Facebook tamb\u00e9m o \u00e9, pois permite conectar amigos, colegas e familiares uns aos outros, mesmo que estejam fisicamente distantes. O Facebook encurta dist\u00e2ncias. Um <\/span><a href=\"http:\/\/newsroom.fb.com\/news\/2016\/02\/state-of-connectivity-2015-a-report-on-global-internet-access\/\" target=\"_blank\" rel=\"noopener\"><span style=\"font-weight: 400;\">estudo<\/span><\/a><span style=\"font-weight: 400; color: #000000;\"> recente promovido pelo pr\u00f3prio determinou que, em m\u00e9dia, apenas 3,57 pessoas nos separam do resto do mundo. Mas n\u00e3o \u00e9 s\u00f3 das pessoas que esta gigante plataforma nos aproxima.<\/span><\/p>\n<p>&nbsp;<\/p>\n<p><img loading=\"lazy\" decoding=\"async\" class=\"aligncenter wp-image-2981 size-full\" src=\"https:\/\/www.waynext.com\/waytrends\/wp-content\/uploads\/2016\/04\/image-4.jpg\" alt=\"Estudo sobre o acesso \u00e0 Internet Global\" width=\"700\" height=\"906\" srcset=\"https:\/\/www.waynext.com\/waytrends\/wp-content\/uploads\/2016\/04\/image-4.jpg 700w, https:\/\/www.waynext.com\/waytrends\/wp-content\/uploads\/2016\/04\/image-4-277x358.jpg 277w\" sizes=\"auto, (max-width: 700px) 100vw, 700px\" \/><\/p>\n<p>&nbsp;<\/p>\n<p><span style=\"font-weight: 400; color: #000000;\">Milhares de Marcas fazem a <strong>gest\u00e3o das suas comunidades no Facebook<\/strong>, rede que utilizam diariamente para falar com os seus f\u00e3s e potenciais f\u00e3s, com os seus clientes e potenciais clientes, com os seus consumidores e potenciais consumidores. Sejam elas pequenos neg\u00f3cios locais, grandes empresas, multinacionais, \u00a0entidades governamentais ou at\u00e9 mesmo figuras p\u00fablicas, as Marcas fazem naturalmente parte do Facebook, pois fazem parte da nossa sociedade e o Facebook \u00e9, de certa forma, uma representa\u00e7\u00e3o digital dessa mesma sociedade.<\/span><\/p>\n<p><span style=\"font-weight: 400; color: #000000;\">As Marcas s\u00e3o tamb\u00e9m a base do modelo de neg\u00f3cio do Facebook, o que permite a esta empresa cobrir os custos e ser lucrativa. De facto, <strong>\u00e9 com a venda de espa\u00e7o publicit\u00e1rio a anunciantes que o Facebook faz dinheiro<\/strong>. As pequenas e m\u00e9dias empresas (PME) s\u00e3o as que mais anunciam na rede social, que em 2015 registou um total de mais de 3 milh\u00f5es de empresas a investir neste formato digital.<\/span><\/p>\n<p><span style=\"font-weight: 400; color: #000000;\">O Facebook revelou ainda que, em m\u00e9dia, as p\u00e1ginas geridas\u00a0pelas pequenas empresas na rede social geram 2,5 mil milh\u00f5es de coment\u00e1rios dos utilizadores e que, no total, h\u00e1 mais de 43 mil milh\u00f5es de interac\u00e7\u00f5es entre utilizadores e empresas.<\/span><\/p>\n<p><span style=\"font-weight: 400; color: #000000;\">Com a massifica\u00e7\u00e3o e o amadurecimento dos smartphones, o Facebook \u00e9 cada vez mais uma plataforma m\u00f3vel. Ao longo dos \u00faltimos anos, a empresa de Mark Zuckerberg foi aperfei\u00e7oando a sua app Android e iOS, ao mesmo tempo que desenvolvia o Messenger, e comprava o Instagram e o WhatsApp. Ali\u00e1s, este, a par do Messenger, \u00e9 um sinal da aposta do Facebook na comunica\u00e7\u00e3o privada, em oposi\u00e7\u00e3o \u00e0quela que ocorre no News Feed e nos perfis na rede social. <strong>A troca de mensagens instant\u00e2neas, acompanhadas de fotos, GIFs ou outro tipo de conte\u00fado, \u00e9 tamb\u00e9m parte do futuro da comunica\u00e7\u00e3o entre pessoas e tamb\u00e9m entre pessoas e\u00a0Marcas, pelo que se reveste tamb\u00e9m de uma l\u00f3gica de gest\u00e3o de comunidade.<\/strong><\/span><\/p>\n<p><span style=\"font-weight: 400; color: #000000;\">Com mil milh\u00f5es de utilizadores no WhatsApp e 900 milh\u00f5es no Messenger, o Facebook tem na comunica\u00e7\u00e3o privada uma nova oportunidade de neg\u00f3cio. O primeiro vai come\u00e7ar a ser monetizado atrav\u00e9s de parcerias com empresas. Isto \u00e9, o WhatsApp passar\u00e1 a ser um ve\u00edculo de comunica\u00e7\u00e3o das empresas com os seus clientes para, por exemplo, estes receberem notifica\u00e7\u00f5es relativas a atrasos nos voos, fazerem reservas de restaurantes ou obterem alertas por uso indevido de um cart\u00e3o banc\u00e1rio.<\/span><\/p>\n<p>&nbsp;<\/p>\n<p><img loading=\"lazy\" decoding=\"async\" class=\"aligncenter size-full wp-image-3053\" src=\"https:\/\/www.waynext.com\/waytrends\/wp-content\/uploads\/2016\/04\/novo_2.jpg\" alt=\"Redes Sociais\" width=\"697\" height=\"314\" srcset=\"https:\/\/www.waynext.com\/waytrends\/wp-content\/uploads\/2016\/04\/novo_2.jpg 697w, https:\/\/www.waynext.com\/waytrends\/wp-content\/uploads\/2016\/04\/novo_2-636x287.jpg 636w\" sizes=\"auto, (max-width: 697px) 100vw, 697px\" \/><\/p>\n<p style=\"text-align: center;\"><span style=\"color: #000000;\"><a href=\"https:\/\/www.facebook.com\/photo.php?fbid=10102621100061261&amp;set=a.529237706231.2034669.4&amp;type=1&amp;theater\" target=\"_blank\" rel=\"noopener\">Fonte: Mark Zuckerberg<\/a><\/span><\/p>\n<p>&nbsp;<\/p>\n<p><span style=\"font-weight: 400; color: #000000;\">J\u00e1 o Messenger foi transformado recentemente numa plataforma de apps e servi\u00e7os, aberta a um conjunto de parceiros, como a Uber, e a todos os restantes programadores. Simultaneamente, o Messenger est\u00e1 a ser usado por alguns neg\u00f3cios como meio de comunica\u00e7\u00e3o com os seus clientes\/consumidores, em alternativa ao e-mail. Imagine por exemplo uma Marca de electr\u00f3nica de consumo que faz todo o p\u00f3s-venda atrav\u00e9s do Messenger.<\/span><\/p>\n<p><span style=\"font-weight: 400; color: #000000;\">O Instagram \u00e9 outra das apostas do Facebook no ecossistema m\u00f3vel. Trata-se de uma app que permite a partilha de fotos mais art\u00edsticas ou mais pessoais com uma comunidade aberta ou privada \u2013 atrav\u00e9s de um feed monetizado com an\u00fancios. Come\u00e7ou por ser restricta, mas a plataforma Instagram Ads, associada \u00e0 sua \u201cm\u00e3e\u201d Facebook Ads, j\u00e1 foi expandida para um vasto conjunto de pa\u00edses, incluindo Portugal. Agora as empresas podem anunciar nesta rede social, onde os seus utilizadores partilham uma m\u00e9dia de 80 milh\u00f5es de fotos ou v\u00eddeos por dia.<\/span><\/p>\n<p>&nbsp;<\/p>\n<p><img loading=\"lazy\" decoding=\"async\" class=\"aligncenter wp-image-2982 size-full\" src=\"https:\/\/www.waynext.com\/waytrends\/wp-content\/uploads\/2016\/04\/press_big.jpg\" alt=\"Instagram\" width=\"700\" height=\"467\" srcset=\"https:\/\/www.waynext.com\/waytrends\/wp-content\/uploads\/2016\/04\/press_big.jpg 700w, https:\/\/www.waynext.com\/waytrends\/wp-content\/uploads\/2016\/04\/press_big-537x358.jpg 537w\" sizes=\"auto, (max-width: 700px) 100vw, 700px\" \/><\/p>\n<p>&nbsp;<\/p>\n<p><span style=\"font-weight: 400; color: #000000;\">O Facebook continuar\u00e1 a crescer e a refor\u00e7ar-se como \u201cA Internet\u201d. Nos \u00faltimos meses, a empresa tem apresentado um conjunto de inova\u00e7\u00f5es com o intuito de, por um lado, melhorar a experi\u00eancia m\u00f3vel e, por outro, de atrair novos p\u00fablicos, roubando, assim, espa\u00e7o aos concorrentes. Os <strong>Instant Articles<\/strong> v\u00e3o permitir a todas as publica\u00e7\u00f5es, a partir de Abril, ter as suas not\u00edcias, reportagens e cr\u00f3nicas a carregarem muito mais r\u00e1pido nos telem\u00f3veis dos leitores que usem o Facebook. A mesma tecnologia de carregamento r\u00e1pido est\u00e1 a ser aplicada aos an\u00fancios, atrav\u00e9s de um novo formato chamado Canvas que permite tamb\u00e9m que as Marcas consigam contar hist\u00f3rias e comunicar os seus produtos e servi\u00e7os de uma forma mais apelativa. Isto \u00e9 conseguido atrav\u00e9s da combina\u00e7\u00e3o de fotografias, v\u00eddeos e bot\u00f5es call-to-action que fazem com que os utilizadores tenham uma experi\u00eancia mais imersiva, sem sair do Facebook.<\/span><\/p>\n<p><span style=\"font-weight: 400; color: #000000;\">A pesquisa na rede social tamb\u00e9m foi melhorada, substituindo em alguns\u00a0casos o uso do motor de busca da Google. Para al\u00e9m de ser poss\u00edvel encontrar amigos, p\u00e1ginas e figuras p\u00fablicas, podemos pesquisar not\u00edcias e outro conte\u00fado editorial atrav\u00e9s de simples palavras-chave, e depois encontrar o que l\u00edderes de opini\u00e3o e outras pessoas est\u00e3o a dizer sobre determinados assuntos da actualidade. A juntar \u00e0 pesquisa podemos juntar o investimento noutras funcionalidades, como a possibilidade de fazer directos, os chamados <strong><a href=\"https:\/\/www.waynext.com\/waytrends\/livestreaming-para-marcas-guia-completo\/\" target=\"_blank\" rel=\"noopener\">livestreams<\/a><\/strong>, e a partilha de <strong>v\u00eddeos imersivos 360\u00ba<\/strong>.<\/span><\/p>\n<p>&nbsp;<\/p>\n<p><a href=\"https:\/\/vimeo.com\/143213455\" class=\"autohyperlink\" target=\"_blank\">https:\/\/vimeo.com\/143213455<\/a><\/p>\n<p>&nbsp;<\/p>\n<p><span style=\"color: #000000;\">O Facebook \u00e9 uma plataforma que d\u00e1 nome a uma rede social e que inclui outros servi\u00e7os, como Messenger, WhatsApp, Instagram, Oculus&#8230; A rede social \u00e9 a base desta fam\u00edlia. A\u00ed podemos criar um perfil e adicionar amigos, partilhar fotos e momentos da nossa vida, seguir pessoas que s\u00e3o importantes para n\u00f3s e interagir com Marcas\/p\u00e1ginas. O Messenger \u00e9 um servi\u00e7o \u00e0 parte, inclui o chat do Facebook mas que pode ser utilizado sem a rede social. Independentes s\u00e3o tamb\u00e9m o WhatsApp, o Instagram e o Oculus, ferramentas que apesar de usarem a infraestrutura t\u00e9cnica do Facebook e de poderem facultativamente ser usados com a rede social, s\u00e3o independentes desta e requerem a cria\u00e7\u00e3o de uma conta de utilizador diferente.<\/span><\/p>\n<p><span style=\"font-weight: 400; color: #000000;\">A maior parte das empresas aposta no Facebook, apesar de, com a expans\u00e3o da plataforma de an\u00fancios do Instagram, ter existido um crescimento do n\u00famero de anunciantes nesta app. Outras Marcas est\u00e3o a fazer uso das funcionalidades \u201cbusiness\u201d do Messenger, outras ainda, como algumas r\u00e1dios, est\u00e3o a substituir a comunica\u00e7\u00e3o com o ouvinte via SMS por uma via WhatsApp. E o Oculus \u00e9 um rec\u00e9m-chegado ao mundo da realidade virtual que, acredita-se, vai ser a plataforma do futuro e que reinventar\u00e1 a nossa interac\u00e7\u00e3o com o mundo digital. O principal chamariz para esta aten\u00e7\u00e3o dos anunciantes por estas plataformas alternativas \u00e0 rede social \u00e9 o n\u00famero crescente de utilizadores que elas t\u00eam tido, associado \u00e0 sua ascen\u00e7\u00e3o medi\u00e1tica e \u00e0 possibilidade de experimentar novas abordagens (ditas \u201cirreverentes\u201d).<\/span><\/p>\n<p>&nbsp;<\/p>\n<h3><span style=\"color: #000000;\"><strong>a) Modelo de presen\u00e7a e gest\u00e3o de comunidade de Marcas no Facebook<\/strong><\/span><\/h3>\n<p><span style=\"font-weight: 400; color: #000000;\">Estar na rede social Facebook <\/span><a href=\"http:\/\/www.socialmediatoday.com\/marketing\/marketers-you-dont-need-be-every-digital-channel\" target=\"_blank\" rel=\"noopener\"><span style=\"font-weight: 400;\">n\u00e3o \u00e9 obrigat\u00f3rio<\/span><\/a><span style=\"font-weight: 400;\">. <span style=\"color: #000000;\">Uma empresa pode n\u00e3o encontrar l\u00e1 o seu p\u00fablico ou ent\u00e3o n\u00e3o ter muito para contar e\/ou aquilo que tem n\u00e3o ser interessante. O <strong>storytelling<\/strong> \u00e9, sem d\u00favida, o factor mais determinante do sucesso de uma Marca no Facebook, pois este \u00e9 primariamente uma plataforma de entretenimento (mas tamb\u00e9m informativa) e as Marcas t\u00eam de ser \u201ccool\u201d, descontra\u00eddas e abertas (a informa\u00e7\u00e3o \u00e9 trabalho das publica\u00e7\u00f5es editoriais). Assim, os respons\u00e1veis pela gest\u00e3o de comunidade de uma\u00a0Marca t\u00eam primeiro de reflectir sobre as vantagens que uma presen\u00e7a no Facebook lhes traria e tamb\u00e9m sobre a forma como conseguiriam ser <strong>disruptivos ou \u00fateis ao ponto de tornar a sua Marca relevante na rede social<\/strong>.<\/span><\/span><\/p>\n<p>&nbsp;<\/p>\n<p><img loading=\"lazy\" decoding=\"async\" class=\"aligncenter wp-image-3016 size-full\" src=\"https:\/\/www.waynext.com\/waytrends\/wp-content\/uploads\/2016\/04\/news-feed.jpg\" alt=\"Feed de Not\u00edcias do Facebook\" width=\"700\" height=\"498\" srcset=\"https:\/\/www.waynext.com\/waytrends\/wp-content\/uploads\/2016\/04\/news-feed.jpg 700w, https:\/\/www.waynext.com\/waytrends\/wp-content\/uploads\/2016\/04\/news-feed-503x358.jpg 503w\" sizes=\"auto, (max-width: 700px) 100vw, 700px\" \/><\/p>\n<p>&nbsp;<\/p>\n<p><span style=\"font-weight: 400; color: #000000;\"><strong>Gerir uma comunidade\u00a0no Facebook n\u00e3o \u00e9 f\u00e1cil.<\/strong> \u00c9 preciso compreender a linguagem desta plataforma e respeit\u00e1-la, de forma a que a Marca esteja, dentro do poss\u00edvel, protegida e o menos envolta em pol\u00e9micas ou conflitos. \u00c9 preciso tamb\u00e9m n\u00e3o esquecer que \u201cno Facebook manda o Facebook\u201d e que \u00e9 ele que \u201cfaz as regras\u201d (e que tamb\u00e9m as pode mudar de um dia para o outro). Muito se l\u00ea nos f\u00f3runs e blogues sobre o <strong>reduzido alcance org\u00e2nico<\/strong>, n\u00f3s pr\u00f3prios j\u00e1 t\u00ednhamos escrito sobre o <a href=\"https:\/\/www.waynext.com\/waytrends\/outubro-2012\/\" target=\"_blank\" rel=\"noopener\">Edge Rank<\/a> aqui,\u00a0que se consegue na rede social e que faz com que as nossas publica\u00e7\u00f5es nunca atinjam toda a sua potencial audi\u00eancia (o n\u00famero de seguidores da p\u00e1gina). Contudo, este comportamento \u00e9 perfeitamente normal num feed controlado por algoritmos, que procuram entregar a cada utilizador os posts e os conte\u00fados mais interessantes, por uma ordem valorativa.<\/span><\/p>\n<p><span style=\"font-weight: 400; color: #000000;\"><strong>Um feed n\u00e3o-cronol\u00f3gico no Facebook faria com que as interac\u00e7\u00f5es dos utilizadores com os posts baixasse<\/strong> \u2013 um risco que o Twitter decidiu correr e que n\u00e3o foi bem recebido pela comunidade que\u00a0acaba por ser considerada uma interfer\u00eancia externa sobre os conte\u00fados. Ao ordenar e filtrar os posts nos News Feeds dos utilizadores, consegue que aquilo que mais lhes interessa n\u00e3o passe despercebido aos seus olhos e, assim proporciona a gera\u00e7\u00e3o de mais likes, coment\u00e1rios e partilhas. \u00c9 preciso compreender que uma p\u00e1gina com 10 mil seguidores nunca vai atingir, em termos de <strong>audi\u00eancia org\u00e2nica<\/strong>, 10 mil pessoas sempre que publica algo (isso tamb\u00e9m acontece no Twitter \u2013 ningu\u00e9m est\u00e1 24 horas a fazer scroll down e refresh no feed para ler tudo). <strong>O alcance de cada post est\u00e1 dependente das interac\u00e7\u00f5es positivas (como likes e reactions) e negativas (como esconder do feed) que as pessoas v\u00e3o dando.<\/strong> Os posts tamb\u00e9m n\u00e3o atingem sempre as mesmas pessoas; eles s\u00e3o distribu\u00eddos no feed consoante o que os algoritmos do News Feed sabem sobre cada utilizador.<\/span><\/p>\n<p>&nbsp;<\/p>\n<div class=\"video-container\"><iframe loading=\"lazy\" title=\"Introducing Reactions\" src=\"https:\/\/player.vimeo.com\/video\/156501944?dnt=1&amp;app_id=122963\" width=\"497\" height=\"280\" frameborder=\"0\" allow=\"autoplay; fullscreen; picture-in-picture; clipboard-write; encrypted-media\"><\/iframe><\/div>\n<p>&nbsp;<\/p>\n<p><span style=\"font-weight: 400; color: #000000;\">De longe pensar que o <strong>like<\/strong>, o <strong>coment\u00e1rio<\/strong>\u00a0e a\u00a0<strong>partilha<\/strong>\u00a0s\u00e3o os \u00fanicos factores que servem para classificar o sucesso ou avaliar o <strong>alcance<\/strong> de um post de Facebook. Existem outras m\u00e9tricas \u2013 como os cliques em links ou as visualiza\u00e7\u00f5es de fotos\/v\u00eddeos \u2013 que s\u00e3o igualmente relevantes e que contribuem para determinar se um post foi bem sucedido. Porque os likes, os coment\u00e1rios, as partilhas, os cliques e as visualiza\u00e7\u00f5es determinam se um post no Facebook vai ter mais ou menor alcance. Se um post receber muitos likes e coment\u00e1rios, ser\u00e1 mostrado a uma maior percentagem da sua potencial audi\u00eancia. Todavia, se esse mesmo post receber s\u00f3 1 ou 2 likes, mas tiver muitos cliques no respectivo link, o <strong>alcance ser\u00e1 igualmente elevado<\/strong>. De notar que na pr\u00e1tica <strong>o potencial org\u00e2nico de um post raramente ultrapassa os 2%<\/strong>, o que significa que numa p\u00e1gina com 100.000 seguidores um post n\u00e3o promovido (pago) ser\u00e1 mostrado em m\u00e9dia a 2.000 seguidores (algo que fica naturalmente muito longe da audi\u00eancia total potencial).<\/span><\/p>\n<p><span style=\"font-weight: 400; color: #000000;\">Quer isso dizer que o alcance de um post (isto \u00e9, o seu sucesso) n\u00e3o se mede unicamente pelas m\u00e9tricas vis\u00edveis por qualquer utilizador (likes, coment\u00e1rios e partilhas), mas tamb\u00e9m pelas invis\u00edveis, \u00e0s quais s\u00f3 os administradores da respectiva p\u00e1gina t\u00eam acesso (cliques e visualiza\u00e7\u00f5es). N\u00e3o \u00e9 poss\u00edvel identificar qual a m\u00e9trica que tem maior peso na avalia\u00e7\u00e3o que o Facebook faz do post para determinar o seu maior ou menor alcance. \u00c9 algo relativamente flex\u00edvel, at\u00e9 porque existem diferentes tipos de conte\u00fado: os cliques s\u00f3 fazem sentido nos links, as visualiza\u00e7\u00f5es s\u00e3o particularmente relevantes nos v\u00eddeos e uma foto \u00e9 tradicionalmente mais prop\u00edcia a receber likes. Mas o <strong>like<\/strong>, o <strong>coment\u00e1rio<\/strong> e a <strong>partilha<\/strong> s\u00e3o, se quisermos, os factores que t\u00eam a maior relev\u00e2ncia. S\u00e3o aqueles tr\u00eas n\u00fameros que qualquer utilizador consegue ver num post e usar como instrumento de compara\u00e7\u00e3o com a concorr\u00eancia \u2013 uma avalia\u00e7\u00e3o que, apesar de ter uma certa margem de erro, n\u00e3o deixa de fazer sentido e ser fi\u00e1vel.<\/span><\/p>\n<p>&nbsp;<\/p>\n<p><img loading=\"lazy\" decoding=\"async\" class=\"aligncenter wp-image-3017 size-full\" src=\"https:\/\/www.waynext.com\/waytrends\/wp-content\/uploads\/2016\/04\/screen-shot-pagina-fb.jpg\" alt=\"P\u00e1gina de Facebook da marca Campofrio\" width=\"700\" height=\"392\" srcset=\"https:\/\/www.waynext.com\/waytrends\/wp-content\/uploads\/2016\/04\/screen-shot-pagina-fb.jpg 700w, https:\/\/www.waynext.com\/waytrends\/wp-content\/uploads\/2016\/04\/screen-shot-pagina-fb-294x166.jpg 294w, https:\/\/www.waynext.com\/waytrends\/wp-content\/uploads\/2016\/04\/screen-shot-pagina-fb-636x356.jpg 636w\" sizes=\"auto, (max-width: 700px) 100vw, 700px\" \/><\/p>\n<p>&nbsp;<\/p>\n<p><span style=\"font-weight: 400; color: #000000;\">Para que serve uma p\u00e1gina de Facebook? As pessoas gostam da p\u00e1gina de uma Marca no Facebook para mostrar o seu apoio ou seguir as suas actualiza\u00e7\u00f5es no seu News Feed. Essa p\u00e1gina \u00e9 a <strong>oportunidade de uma Marca se introduzir no Facebook<\/strong>. \u00c9 a primeira coisa que os utilizadores v\u00e3o encontrar quando pesquisarem o seu nome dentro desta rede social. E \u00e9 ela que vai permitir \u00e0 Marca falar com os seus f\u00e3s mais pr\u00f3ximos e fi\u00e9is. As p\u00e1ginas de Facebook permitem tamb\u00e9m atrair novos p\u00fablicos, com mensagens espec\u00edficas para as suas necessidades e interesses.<\/span><\/p>\n<p>&nbsp;<\/p>\n<h3><span style=\"color: #000000;\"><strong>b) Como definir uma estrat\u00e9gia para Facebook e o que deve constar da mesma<\/strong><\/span><\/h3>\n<p><span style=\"font-weight: 400;\"><span style=\"color: #000000;\">Quando uma Marca optar por estar presente no Facebook, o pr\u00f3ximo passo \u00e9 a defini\u00e7\u00e3o da <strong>estrat\u00e9gia da sua comunidade<\/strong>. Definir a estrat\u00e9gia passa, numa primeira inst\u00e2ncia, por responder \u00e0 pergunta: <strong>qual o objectivo principal da presen\u00e7a da Marca no Facebook? Ganhar visibilidade? Promover produtos ou servi\u00e7os? Gerar tr\u00e1fego para o site? Promover o download de Apps? Interagir com os consumidores e promover envolvimento? Prestar customer service? Gerar vendas?<\/strong> De notar que uma Marca poder\u00e1 definir m\u00faltiplos objectivos e a partir da\u00ed alinhar a estrat\u00e9gia em conformidade<\/span>.<\/span><\/p>\n<p>&nbsp;<\/p>\n<p><img loading=\"lazy\" decoding=\"async\" class=\"aligncenter wp-image-2993 size-full\" src=\"https:\/\/www.waynext.com\/waytrends\/wp-content\/uploads\/2016\/04\/social-media-facebook-iphone.jpg\" alt=\"social-media-facebook-iphone\" width=\"700\" height=\"465\" srcset=\"https:\/\/www.waynext.com\/waytrends\/wp-content\/uploads\/2016\/04\/social-media-facebook-iphone.jpg 700w, https:\/\/www.waynext.com\/waytrends\/wp-content\/uploads\/2016\/04\/social-media-facebook-iphone-539x358.jpg 539w\" sizes=\"auto, (max-width: 700px) 100vw, 700px\" \/><\/p>\n<p>&nbsp;<\/p>\n<p><span style=\"font-weight: 400; color: #000000;\">Na defini\u00e7\u00e3o da estrat\u00e9gia, \u00e9 importante ter alguns pontos assentes:<\/span><\/p>\n<ul>\n<li style=\"font-weight: 400;\"><span style=\"font-weight: 400; color: #000000;\">Em qualquer rela\u00e7\u00e3o, a apar\u00eancia importa. Temos assim uma oportunidade para causar uma boa impress\u00e3o com uma <strong>p\u00e1gina esteticamente apelativa, organizada, com boas imagens e com respostas competentes e atempadas aos seguidores<\/strong>. Tudo isto aumenta a probabilidade do visitante fazer like e se tornar tamb\u00e9m ele num seguidor;<\/span><\/li>\n<li style=\"font-weight: 400;\"><span style=\"font-weight: 400; color: #000000;\">O <strong>partilh\u00e1vel \u00e9 o novo viral<\/strong>. Atrav\u00e9s das suas ag\u00eancias, as Marcas de 2016 j\u00e1 n\u00e3o est\u00e3o a produzir conte\u00fados virais porque sabem que \u00e9 muito, muito dif\u00edcil um conte\u00fado ser viral. Contudo, produzir conte\u00fados <strong>partilh\u00e1veis<\/strong> \u00e9 uma quest\u00e3o de compreender o meio para o qual se est\u00e1 a criar esses conte\u00fados e a audi\u00eancia dos mesmos. O Facebook \u00e9 um local de partilha e, se as Marcas conseguirem dar aos utilizadores motivos para partilharem os seus conte\u00fados v\u00e3o conquistar espa\u00e7o nos seus perfis e feeds. Por exemplo, o Mic, o Quartz e outras publica\u00e7\u00f5es editoriais est\u00e3o a criar pequenos v\u00eddeos que, atrav\u00e9s de texto e imagens (sem som), explicam em poucos segundos not\u00edcias e temas da actualidade. \u00c9 not\u00f3rio o n\u00famero de <strong>likes<\/strong>, <strong>coment\u00e1rios<\/strong> e <strong>partilhas<\/strong> que esse tipo de conte\u00fado conseguem em oposi\u00e7\u00e3o a um tradicional link para um artigo fora do Facebook. S\u00e3o produtos editoriais de r\u00e1pido consumo e que queremos mostrar aos amigos;<\/span><\/li>\n<li style=\"font-weight: 400;\"><span style=\"font-weight: 400; color: #000000;\">O <strong>v\u00eddeo<\/strong> \u00e9 um outro ponto importante, pois \u00e9 \u2013 como se acredita \u2013 o formato do futuro. O texto obriga a uma leitura nem sempre r\u00e1pida e as fotos nem sempre t\u00eam significado sozinhas. O v\u00eddeo \u00e9 interactivo, desperta a aten\u00e7\u00e3o e possibilita a assimila\u00e7\u00e3o r\u00e1pida de informa\u00e7\u00e3o. Numa altura em que o v\u00eddeo em HD \u00e9 j\u00e1 vulgar, podemos identificar a resolu\u00e7\u00e3o 4K, o <strong>formato 360\u00ba<\/strong> e a <strong>experi\u00eancia imersiva em realidade virtual<\/strong> como as tr\u00eas tend\u00eancias futuras para o conte\u00fado v\u00eddeo. A Samsung tem sido uma das empresas a atingir excelentes resultados com a sua <\/span><a href=\"http:\/\/adage.com\/article\/the-viral-video-chart\/viral-video-chart-3-21-16\/303217\/\" target=\"_blank\" rel=\"noopener\"><span style=\"font-weight: 400;\">estrat\u00e9gia de v\u00eddeo digital<\/span><\/a><span style=\"font-weight: 400;\">. <span style=\"color: #000000;\">As p\u00e1ginas est\u00e3o a publicar cada vez mais <strong>v\u00eddeos nativamente no Facebook<\/strong> ao inv\u00e9s de usar links do YouTube;<\/span><\/span><\/li>\n<li style=\"font-weight: 400;\"><span style=\"font-weight: 400; color: #000000;\">As Marcas tornam-se produtoras de conte\u00fado numa \u00f3ptica de <strong>storytelling<\/strong>. N\u00e3o \u00e9 por acaso que a Red Bull, a Nike ou a Samsung conseguem ter milh\u00f5es de seguidores n\u00e3o s\u00f3 no Facebook mas tamb\u00e9m no Instagram, Twitter, Snapchat, Youtube e noutras plataformas sociais. O segredo est\u00e1 em todas elas terem criado\/encontrado <strong>uma hist\u00f3ria para contar<\/strong> e estarem a cont\u00e1-la de forma partilh\u00e1vel e com recurso a formatos interactivos como o v\u00eddeo;<\/span><\/li>\n<li style=\"font-weight: 400;\"><span style=\"font-weight: 400; color: #000000;\">Nas redes sociais o sil\u00eancio n\u00e3o \u00e9 de ouro. Os utilizadores n\u00e3o querem ficar \u00e0 espera de resposta das Marcas. <strong>Procuram interac\u00e7\u00f5es imediatas, ao minuto, ao segundo.<\/strong> Querem que a sua mensagem, a sua d\u00favida, a sua reclama\u00e7\u00e3o&#8230; seja respondida no instante.<\/span><\/li>\n<\/ul>\n<p>&nbsp;<\/p>\n<p><span style=\"font-weight: 400; color: #000000;\">Segue-se um conjunto de factores cr\u00edticos de sucesso que devem ser seguidos na estrat\u00e9gia de uma Marca:<\/span><\/p>\n<ul>\n<li style=\"font-weight: 400;\"><span style=\"font-weight: 400; color: #000000;\"><strong>Preservar a coer\u00eancia entre a comunica\u00e7\u00e3o<\/strong> e mensagem da Marca de forma transversal (Facebook, an\u00fancios de TV, outdoors, pe\u00e7as na imprensa, website, etc.);<\/span><\/li>\n<li style=\"font-weight: 400;\"><span style=\"font-weight: 400; color: #000000;\">Criar <strong>campanhas integradas<\/strong> que permitam a liga\u00e7\u00e3o online\/offline;<\/span><\/li>\n<li style=\"font-weight: 400;\"><span style=\"font-weight: 400; color: #000000;\">Assegurar <strong>continuidade do storytelling<\/strong>; a estrat\u00e9gia deve garantir que uma hist\u00f3ria que come\u00e7a a ser contada num meio (por exemplo, num spot TV) tem continuidade nas outras plataformas de comunica\u00e7\u00e3o (por exemplo, na p\u00e1gina Facebook);<\/span><\/li>\n<li style=\"font-weight: 400;\"><span style=\"font-weight: 400; color: #000000;\">Usar os <strong>territ\u00f3rios da Marca<\/strong> de forma transversal (por exemplo, desporto ou m\u00fasica s\u00e3o exemplos cl\u00e1ssicos) nas v\u00e1rias plataformas de comunica\u00e7\u00e3o;<\/span><\/li>\n<li style=\"font-weight: 400;\"><span style=\"font-weight: 400; color: #000000;\">Usar <strong>Promoted Posts<\/strong> (Posts Patrocinados) para aumentar o alcance dos posts no Facebook, fazendo com que mais pessoas conhe\u00e7am a Marca e a sua mensagem essencial.<\/span><\/li>\n<\/ul>\n<p>&nbsp;<\/p>\n<h3><span style=\"color: #000000;\"><strong>c) Como montar uma equipa para gest\u00e3o de comunidade\u00a0em Facebook<\/strong><\/span><\/h3>\n<p><span style=\"font-weight: 400; color: #000000;\">A rapidez na resposta e na interac\u00e7\u00e3o implica uma equipa bem oleada e pronta para alimentar per\u00edodos normais como momentos de pico. Se casos mais pequenos, como a p\u00e1gina de um pequeno estabelecimento comercial, podem ser tratados por uma equipa unit\u00e1ria, a maior parte das Marcas precisa de v\u00e1rias pessoas a gerir a sua p\u00e1gina de Facebook. Essa equipa n\u00e3o tem necessariamente de ser constitu\u00edda por um <strong>copywriter<\/strong> e por um <strong>designer<\/strong>, mas preferencialmente por pessoas que conhe\u00e7am bem a Marca, os seus valores e o seu p\u00fablico, e consigam ser <strong>criativos\/disruptivos em conjunto<\/strong>.<\/span><\/p>\n<p><span style=\"font-weight: 400; color: #000000;\">Do ponto de vista t\u00e9cnico, uma p\u00e1gina de Facebook que esteja a ser gerida por v\u00e1rias pessoas fica associada \u00e0 conta pessoal de Facebook de cada uma. Cada uma dessas pessoas pode ter diferentes <strong>permiss\u00f5es<\/strong> relativamente \u00e0 p\u00e1gina, consoante a fun\u00e7\u00e3o que desempenhem. Por exemplo, quem gere os an\u00fancios e a publicidade pode ter permiss\u00f5es de anunciante, quem faz os posts precisa de ser editor, quem define os pormenores mais t\u00e9cnicos e administrativos da p\u00e1gina j\u00e1 tem de ter acesso total&#8230; e por a\u00ed adiante. O Facebook permite fazer uma gest\u00e3o muito eficaz e organizada de toda a equipa. Fica registado na p\u00e1gina, vis\u00edvel apenas para a equipa, toda a actividade de cada elemento, isto para que n\u00e3o existam confus\u00f5es relativamente a quem escreveu determinado post e quem respondeu a certa mensagem.<\/span><\/p>\n<p>&nbsp;<\/p>\n<p><img loading=\"lazy\" decoding=\"async\" class=\"aligncenter wp-image-3001 size-full\" src=\"https:\/\/www.waynext.com\/waytrends\/wp-content\/uploads\/2016\/04\/people-coffee-notes-tea.jpg\" alt=\"Equipa de Gest\u00e3o de uma P\u00e1gina de Facebook\" width=\"700\" height=\"466\" srcset=\"https:\/\/www.waynext.com\/waytrends\/wp-content\/uploads\/2016\/04\/people-coffee-notes-tea.jpg 700w, https:\/\/www.waynext.com\/waytrends\/wp-content\/uploads\/2016\/04\/people-coffee-notes-tea-538x358.jpg 538w\" sizes=\"auto, (max-width: 700px) 100vw, 700px\" \/><\/p>\n<p>&nbsp;<\/p>\n<p><span style=\"font-weight: 400; color: #000000;\">Uma equipa ideal dever\u00e1 ser constitu\u00edda por:<\/span><\/p>\n<ul>\n<li style=\"font-weight: 400;\"><span style=\"color: #000000;\"><b>Gestor de comunidade<\/b><span style=\"font-weight: 400;\"> que \u00e9 o principal respons\u00e1vel pela p\u00e1gina e que est\u00e1 encarregue de definir a estrat\u00e9gia, gerir os posts, responder a coment\u00e1rios e monitorizar as m\u00e9tricas de utiliza\u00e7\u00e3o atrav\u00e9s da elabora\u00e7\u00e3o de relat\u00f3rios peri\u00f3dicos. Deve ainda ter a capacidade de coordenar o resto da equipa;<\/span><\/span><\/li>\n<li style=\"font-weight: 400;\"><span style=\"color: #000000;\"><b>Designer<\/b><span style=\"font-weight: 400;\"> cuja fun\u00e7\u00e3o \u00e9 desenhar as pe\u00e7as de comunica\u00e7\u00e3o (posts, cover photos, imagens para campanhas e outras) procurando manter a consist\u00eancia e identidade dos v\u00e1rios materiais de comunica\u00e7\u00e3o. A capacidade deste recurso trabalhar tamb\u00e9m com v\u00eddeo pode ser uma mais valia importante;<\/span><\/span><\/li>\n<li style=\"font-weight: 400;\"><span style=\"color: #000000;\"><b>Director de arte e copywriter<\/b><span style=\"font-weight: 400;\"> que trabalhando em conjunto assumem a direc\u00e7\u00e3o criativa da p\u00e1gina zelando pela prese\u00e7a dos valores e imagem da Marca;<\/span><\/span><\/li>\n<li style=\"font-weight: 400;\"><span style=\"color: #000000;\"><b>Programador<\/b><span style=\"font-weight: 400;\"> para a cria\u00e7\u00e3o de apps de Facebook, a gest\u00e3o de integra\u00e7\u00f5es com servi\u00e7os externos (como um mini site da Marca) ou o desenvolvimento de an\u00fancios em formatos mais complexos como o Canvas.<\/span><\/span><\/li>\n<\/ul>\n<p><span style=\"font-weight: 400; color: #000000;\">Dependendo das exig\u00eancias operacionais da estrat\u00e9gia definida para a p\u00e1gina de Facebook, cada uma destas pessoas \u2013 todas elas cruciais na equipa \u2013 podem estar exclusivamente ou n\u00e3o dedicada \u00e0 p\u00e1gina.<\/span><\/p>\n<p>&nbsp;<\/p>\n<h3><span style=\"color: #000000;\"><strong>d) Como gerir no dia-a-dia uma comunidade\u00a0de Marca no Facebook<\/strong><\/span><\/h3>\n<p><span style=\"font-weight: 400; color: #000000;\">A equipa precisa de adoptar um m\u00e9todo de trabalho que lhe permita endere\u00e7ar dois tipos de necessidades principais<\/span><\/p>\n<ul>\n<li style=\"font-weight: 400;\"><span style=\"font-weight: 400; color: #000000;\">a <strong>gest\u00e3o corrente<\/strong> da p\u00e1gina Facebook;<\/span><\/li>\n<li style=\"font-weight: 400;\"><span style=\"font-weight: 400; color: #000000;\">a <strong>gest\u00e3o de crise<\/strong> ou de outro tipo de perturba\u00e7\u00f5es que possam vir a existir.<\/span><\/li>\n<\/ul>\n<p><span style=\"font-weight: 400; color: #000000;\">Para o efeito \u00e9 importante definir um conjunto de processos para sistematizar ambos os tipos de trabalho. No que diz respeito \u00e0 gest\u00e3o do dia a dia nossa recomenda\u00e7\u00e3o vai no sentido de ser <strong>criado um documento com a estrat\u00e9gia trimestral ou semestralmente da gest\u00e3o de comunidade da presen\u00e7a<\/strong>, que identifique claramente os objectivos a atingir (preferencialmente de forma mensur\u00e1vel) e as principais iniciativas que nos v\u00e3o permitir l\u00e1 chegar. Tamb\u00e9m ao n\u00edvel da estrat\u00e9gia \u00e9 importante definir o <strong>tom de comunica\u00e7\u00e3o<\/strong>, a <strong>linha gr\u00e1fica<\/strong> a adoptar e identificar a forma como vamos lidar com as d\u00favidas dos consumidores (podem ser complexas e exigir o envolvimento de v\u00e1rias pessoas da empresa, por\u00e9m devem ser c\u00e9leres e por isso \u00e9 importante que exista um processo definido).<\/span><\/p>\n<p><span style=\"font-weight: 400; color: #000000;\">Adicionalmente deve ser criado um <strong>plano editorial mensal<\/strong> onde consta o <strong>calend\u00e1rio<\/strong> de todas as <strong>publica\u00e7\u00f5es<\/strong> a realizar. Este plano deve ser aprovado pelos v\u00e1rios stakeholders e eventualmente pelos v\u00e1rios departamentos envolvidos na comunica\u00e7\u00e3o digital da Marca. No dia a dia o plano deve ser executado com flexibilidade para incorporar novas publica\u00e7\u00f5es ou excluir algumas que possam deixar de ser oportunas em fun\u00e7\u00e3o dos temas da actualidade.<\/span><\/p>\n<p>&nbsp;<\/p>\n<p><img loading=\"lazy\" decoding=\"async\" class=\"aligncenter wp-image-2996 size-full\" src=\"https:\/\/www.waynext.com\/waytrends\/wp-content\/uploads\/2016\/04\/hands-coffee-cup-apple.jpg\" alt=\"Gest\u00e3o de uma P\u00e1gina de Facebook\" width=\"700\" height=\"500\" srcset=\"https:\/\/www.waynext.com\/waytrends\/wp-content\/uploads\/2016\/04\/hands-coffee-cup-apple.jpg 700w, https:\/\/www.waynext.com\/waytrends\/wp-content\/uploads\/2016\/04\/hands-coffee-cup-apple-501x358.jpg 501w\" sizes=\"auto, (max-width: 700px) 100vw, 700px\" \/><\/p>\n<p>&nbsp;<\/p>\n<p><span style=\"font-weight: 400; color: #000000;\">No final de cada per\u00edodo \u00e9 importante tamb\u00e9m <strong>analisar os resultados<\/strong>, de forma quantitativa e qualitativa, e registar os learnings, em particular daquilo que funciona bem, para podermos repetir e daquilo que n\u00e3o funciona, para evitarmos.<\/span><\/p>\n<p><span style=\"color: #000000;\">Para al\u00e9m disso \u00e9 importante que a Marca tenha tamb\u00e9m um <strong>plano de gest\u00e3o de crise<\/strong> claramente definido, idealmente por escrito, para que saiba como actuar quando algum problema surgir. \u00c9 sempre mais f\u00e1cil criar este tipo de procedimentos antes de haver um incidente na comunidade que estamos a gerir.<\/span><\/p>\n<p><span style=\"color: #000000;\">A Marca tem de estar pronta para <strong>momentos de crise<\/strong>, em que v\u00e1rios f\u00e3s e simples internautas se exaltam negativamente perante a Marca. Casos destes precisam de uma resposta r\u00e1pida por parte da Marca, de forma a controlar o foco do inc\u00eandio de forma inteligente e que evite que o eventual incidente seja amplificado.<\/span><\/p>\n<p>&nbsp;<\/p>\n<h3><span style=\"color: #000000;\"><strong>Antes de come\u00e7ar<\/strong><\/span><\/h3>\n<p><span style=\"font-weight: 400; color: #000000;\">Eis algumas recomenda\u00e7\u00f5es para come\u00e7ar uma p\u00e1gina de uma Marca:<\/span><\/p>\n<ol>\n<li style=\"font-weight: 400;\"><span style=\"font-weight: 400; color: #000000;\"><strong>Criar um URL \u00fanico para a p\u00e1gina<\/strong>, de forma a que as pessoas consigam encontr\u00e1-la directamente no Facebook;<\/span><\/li>\n<li style=\"font-weight: 400;\"><span style=\"font-weight: 400; color: #000000;\"><strong>Disponibilizar na sec\u00e7\u00e3o Sobre da p\u00e1gina<\/strong> toda a informa\u00e7\u00e3o de que as pessoas necessitem para perceber a Marca;<\/span><\/li>\n<li style=\"font-weight: 400;\"><span style=\"font-weight: 400; color: #000000;\">Activar a <strong>possibilidade de as pessoas se identificarem nas fotos da Marca<\/strong>;<\/span><\/li>\n<li style=\"font-weight: 400;\"><span style=\"font-weight: 400; color: #000000;\">Passar pelas defini\u00e7\u00f5es das mensagens privadas para <strong>estabelecer o tempo m\u00e9dio de resposta<\/strong> (ou deixar em modo autom\u00e1tico) ou para definir uma resposta autom\u00e1tica;<\/span><\/li>\n<li style=\"font-weight: 400;\"><span style=\"font-weight: 400; color: #000000;\">Usar uma <strong>imagem de capa que seja atraente e identifique a Marca<\/strong>, ajustando os elementos visuais mais importantes na imagem de forma a que os mesmos apare\u00e7am bem vis\u00edveis quer no computador quer no telem\u00f3vel.<\/span><\/li>\n<\/ol>\n<p>&nbsp;<\/p>\n<h3><strong><span style=\"color: #000000;\">Como come\u00e7ar a construir uma audi\u00eancia<\/span><\/strong><\/h3>\n<p><span style=\"font-weight: 400; color: #000000;\">O objectivo de uma p\u00e1gina n\u00e3o \u00e9 captar a aten\u00e7\u00e3o de todos, o objectivo \u00e9 criar uma liga\u00e7\u00e3o com os consumidores\/clientes actuais ou futuros. Para construir uma audi\u00eancia, \u00e9 preciso <strong>encorajar os actuais f\u00e3s a seguirem a p\u00e1gina<\/strong>, por exemplo, promovendo um <a href=\"https:\/\/www.waynext.com\/waytrends\/passatempos-no-facebook-5-mecanicas-simples\/\" target=\"_blank\" rel=\"noopener\">passatempo no Facebook<\/a> em exclusivo para eles.<\/span><\/p>\n<p><span style=\"font-weight: 400; color: #000000;\">Devemos tamb\u00e9m usar os v\u00e1rios meios ao nosso dispor para divulgar a exist\u00eancia desta presen\u00e7a da Marca, seja atrav\u00e9s do <strong>site<\/strong> ou <strong>newsletter<\/strong>, atrav\u00e9s do <strong>packaging do produto<\/strong> ou <strong>outros materiais de comunica\u00e7\u00e3o<\/strong>.<\/span><\/p>\n<p><span style=\"font-weight: 400; color: #000000;\">Para al\u00e9m disso devemos, pelo menos numa fase inicial, <strong>promover a p\u00e1gina atrav\u00e9s de Facebook Ads com an\u00fancios orientadas para a capta\u00e7\u00e3o de novos f\u00e3s<\/strong>, que podem ser perfeitamente segmentados em linha com o nosso target. E claro, com tudo isto devemos acompanhar a evolu\u00e7\u00e3o dos demogr\u00e1ficos da p\u00e1gina para perceber se estamos realmente a captar a aten\u00e7\u00e3o do nosso target.<\/span><\/p>\n<p>&nbsp;<\/p>\n<h3><strong><span style=\"color: #000000;\">Como publicar<\/span><\/strong><\/h3>\n<p><span style=\"font-weight: 400; color: #000000;\">Perceber o tipo de conte\u00fado em que a audi\u00eancia vai estar interessada e <strong>publicar regularmente<\/strong> \u00e9 uma das coisas mais importantes para uma Marca conseguir uma presen\u00e7a forte no Facebook. Partilhar conte\u00fado bom \u00e9 criar <strong>posts que sejam aut\u00eanticos<\/strong> e n\u00e3o mais uma imagem de banco de imagem sem liga\u00e7\u00e3o \u00e0 Marca.<\/span><\/p>\n<p>&nbsp;<\/p>\n<p><img loading=\"lazy\" decoding=\"async\" class=\"aligncenter wp-image-3032 size-full\" src=\"https:\/\/www.waynext.com\/waytrends\/wp-content\/uploads\/2016\/04\/screen-shot-caixa-publicacao.png\" alt=\"Publica\u00e7\u00f5es no Facebook\" width=\"700\" height=\"432\" srcset=\"https:\/\/www.waynext.com\/waytrends\/wp-content\/uploads\/2016\/04\/screen-shot-caixa-publicacao.png 700w, https:\/\/www.waynext.com\/waytrends\/wp-content\/uploads\/2016\/04\/screen-shot-caixa-publicacao-580x358.png 580w\" sizes=\"auto, (max-width: 700px) 100vw, 700px\" \/><\/p>\n<p>&nbsp;<\/p>\n<p><span style=\"color: #000000;\"><b>Ser organizado: <\/b><span style=\"font-weight: 400;\">esquematizar os acontecimentos principais, as mensagens essenciais e as ac\u00e7\u00f5es promocionais que a Marca vai ter proximamente, de forma a planear os posts da p\u00e1gina com avan\u00e7o. Tal permite uma p\u00e1gina mais consistente e organizada.<\/span><\/span><\/p>\n<p>&nbsp;<\/p>\n<p><span style=\"color: #000000;\"><b>Ser visual:<\/b><span style=\"font-weight: 400;\"> desenvolver uma biblioteca de boas fotos e v\u00eddeos para usar nos posts. N\u00e3o ter medo de partilhar imagens tiradas num evento ou ao produto\/servi\u00e7o, mesmo que o tratamento n\u00e3o seja o melhor &#8211; os seguidores valorizam a autenticidade do material. Tentar usar imagens (sejam fotos ou v\u00eddeos) em todos os posts uma vez que isso capta muito mais aten\u00e7\u00e3o dos seguidores.<\/span><\/span><\/p>\n<p>&nbsp;<\/p>\n<p><span style=\"color: #000000;\"><b>Ser aut\u00eantico e conciso:<\/b><span style=\"font-weight: 400;\"> partilhar que a Marca \u00e9 genu\u00edna e manter os f\u00e3s entusiasmados por ela. Fazer tudo isso em posts curtos mas de qualidade.<\/span><\/span><\/p>\n<p>&nbsp;<\/p>\n<p><span style=\"color: #000000;\"><b>Ser activo:<\/b><span style=\"font-weight: 400;\"> \u00e9 importante que quando um f\u00e3 comenta um post da p\u00e1gina tenha uma resposta muito r\u00e1pida. Mostrar que a Marca est\u00e1 a ouvir e que se preocupa. Se for preciso mais tempo para responder a uma pergunta, a Marca deve avisar o utilizador de que est\u00e1 a trabalhar na obten\u00e7\u00e3o da resposta e que vai dizer algo o quanto antes. Monitorizar a p\u00e1gina <\/span><i><span style=\"font-weight: 400;\">pelo menos<\/span><\/i><span style=\"font-weight: 400;\"> duas vezes por dia, de forma a responder a tempo aos coment\u00e1rios e mensagens dos f\u00e3s. Para que o engagement seja maior, \u00e9 preciso que as interac\u00e7\u00f5es aconte\u00e7am em tempo real. Ningu\u00e9m quer esperar 48 horas por uma resposta a um coment\u00e1rio p\u00fablico ou mensagem privada.<\/span><\/span><\/p>\n<p>&nbsp;<\/p>\n<p><span style=\"color: #000000;\"><b>Ser consistente:<\/b><span style=\"font-weight: 400;\"> quanto mais regularmente uma Marca publicar, mais oportunidades tem de conectar com os f\u00e3s e de criar rela\u00e7\u00f5es de confian\u00e7a. Procurar agendar os posts para maximizar o tempo da equipa. Preservar a consist\u00eancia entre as v\u00e1rias imagens, isto \u00e9, usar a mesma tipografia, as mesmas cores, o mesmo tipo de fotos, idealmente garantindo uma identidade visual facilmente reconhec\u00edvel.<\/span><\/span><\/p>\n<p>&nbsp;<\/p>\n<p><span style=\"color: #000000;\"><b>Respeitar os direitos:<\/b><span style=\"font-weight: 400;\"> \u00e9 indispens\u00e1vel assegurar que temos as licen\u00e7as necess\u00e1rias para partilhar o que quer que seja. Nomeadamente do que diz respeito \u00e0 utiliza\u00e7\u00e3o de imagens \u00e9 importante garantir que temos os direitos necess\u00e1rios para a utiliza\u00e7\u00e3o que pretendemos fazer. Falamos das imagens de bancos pagos como o Shutterstock ou iStock, ou de bancos gratuitos como o Unsplash, mas tamb\u00e9m de fotos partilhadas por pessoas comuns no seu Flick sob direitos Creative Commons. O conte\u00fado Creative Commons pode ser utilizado, de forma mais ou menos livre, consoante a especifica\u00e7\u00e3o dessa etiqueta, por qualquer pessoa.<\/span><\/span><\/p>\n<p>&nbsp;<\/p>\n<p><span style=\"color: #000000;\"><b>Fazer o que funciona:<\/b><span style=\"font-weight: 400;\"> \u00e9 preciso estar atento \u00e0s constantes mudan\u00e7as do Facebook, sejam da pr\u00f3pria plataforma, sejam das \u201cmodas\u201d impostas pelos utilizadores. Experimentar com diferentes tipos de posts, n\u00e3o fazer sempre o mesmo, ser original e procurar oportunidades para inovar.<\/span><\/span><\/p>\n<p>&nbsp;<\/p>\n<p><span style=\"color: #000000;\"><b>Transformar posts de sucesso em an\u00fancios:<\/b><span style=\"font-weight: 400;\"> quando se v\u00ea que um determinado post est\u00e1 a ter elevados n\u00edveis de interac\u00e7\u00f5es podemos pisar o acelerador e promov\u00ea-lo para que chegue ainda a mais pessoas. Dado que a publicidade no Facebook \u00e9 razoavelmente barata, esta ser\u00e1 uma forma econ\u00f3mica de capitalizar sobre um bom conte\u00fado.<\/span><\/span><\/p>\n<p>&nbsp;<\/p>\n<p><span style=\"color: #000000;\"><b>Ser relevante:<\/b><span style=\"font-weight: 400;\"> nem todos os posts interessam a todas as pessoas da p\u00e1gina, portanto podemos fazer uso das ferramentas de segmenta\u00e7\u00e3o de forma a fazer cada post chegar a uma audi\u00eancia em espec\u00edfico. \u00c9 poss\u00edvel segmentar por g\u00e9nero, estado de rela\u00e7\u00e3o, n\u00edvel de educa\u00e7\u00e3o, interesse, localiza\u00e7\u00e3o e idade. Por exemplo, \u00e9 poss\u00edvel criar dois posts diferentes sobre um mesmo tema, mas um ser segmentado para homens, outro para mulheres.<\/span><\/span><\/p>\n<p>&nbsp;<\/p>\n<h3><span style=\"color: #000000;\"><strong>e) Como criar um calend\u00e1rio editorial para Facebook<\/strong><\/span><\/h3>\n<p><span style=\"font-weight: 400; color: #000000;\">Recomendamos a cria\u00e7\u00e3o de um <strong>calend\u00e1rio editorial<\/strong> mensal com o plano de posts para o Facebook. Isto ajuda a organizar ideias e a preservar coer\u00eancia, sem precisarmos de nos preocupar todos os dias em criar novo conte\u00fado para o efeito.<\/span><\/p>\n<p>&nbsp;<\/p>\n<p><span style=\"font-weight: 400; color: #000000;\">Algumas sugest\u00f5es:<\/span><\/p>\n<ul>\n<li style=\"font-weight: 400;\"><span style=\"font-weight: 400; color: #000000;\">Decidir com que <strong>frequ\u00eancia<\/strong>\u00a0a Marca quer publicar. Por exemplo, pode ser 3 vezes por semana;<\/span><\/li>\n<li style=\"font-weight: 400;\"><span style=\"font-weight: 400; color: #000000;\">Definir <strong>os dias<\/strong> da semana. Por exemplo, domingo, quarta e sexta;<\/span><\/li>\n<li style=\"font-weight: 400;\"><span style=\"font-weight: 400; color: #000000;\">Determinar para cada dia um <strong>tema<\/strong> ou pelo menos definir a lista de temas a abordar;<\/span><\/li>\n<li style=\"font-weight: 400;\"><span style=\"font-weight: 400; color: #000000;\">Desenvolver um <strong>post<\/strong> para cada dia do m\u00eas em que pretendemos publicar;<\/span><\/li>\n<li style=\"font-weight: 400;\"><span style=\"font-weight: 400; color: #000000;\">Uma vez terminado, rever o\u00a0<strong>plano<\/strong> como um todo para identificar eventuais inconsist\u00eancias;<\/span><\/li>\n<li style=\"font-weight: 400;\"><span style=\"font-weight: 400; color: #000000;\"><strong>Manter o plano flex\u00edvel<\/strong>; \u00e9 recomendado que tenhamos liberdade para altera\u00e7\u00f5es ao plano de acordo com o que acontece no dia-a-dia (por exemplo, h\u00e1 um evento medit\u00e1tico inesperado ao qual a Marca se quer juntar ou foi planeado um post para um dia de sol e est\u00e1 a chover).<\/span><\/li>\n<\/ul>\n<p><span style=\"font-weight: 400; color: #000000;\">O <\/span><a href=\"http:\/\/blog.trello.com\/moved-to-published-using-trello-as-an-editorial-calendar\/\" target=\"_blank\" rel=\"noopener\"><span style=\"font-weight: 400;\">Trello<\/span><\/a><span style=\"font-weight: 400; color: #000000;\"> pode ser uma excelente ferramenta para organizar o calend\u00e1rio.<\/span><\/p>\n<p>&nbsp;<\/p>\n<p><img loading=\"lazy\" decoding=\"async\" class=\"aligncenter wp-image-2997 size-full\" src=\"https:\/\/www.waynext.com\/waytrends\/wp-content\/uploads\/2016\/04\/Screen-Shot-2015-01-20.jpg\" alt=\"Organiza\u00e7\u00e3o do Calend\u00e1rio no Trello\" width=\"700\" height=\"373\" srcset=\"https:\/\/www.waynext.com\/waytrends\/wp-content\/uploads\/2016\/04\/Screen-Shot-2015-01-20.jpg 700w, https:\/\/www.waynext.com\/waytrends\/wp-content\/uploads\/2016\/04\/Screen-Shot-2015-01-20-636x339.jpg 636w\" sizes=\"auto, (max-width: 700px) 100vw, 700px\" \/><\/p>\n<p>&nbsp;<\/p>\n<h3><strong><span style=\"color: #000000;\">f) Como gerir uma crise no Facebook<\/span><\/strong><\/h3>\n<p><span style=\"font-weight: 400; color: #000000;\">As crises s\u00e3o a pior parte das redes sociais. Acontecem quando menos se espera, pelo que devemos estar sempre preparados para agir rapidamente.<\/span><\/p>\n<ul>\n<li style=\"font-weight: 400;\"><span style=\"font-weight: 400; color: #000000;\">As crises s\u00e3o uma situa\u00e7\u00e3o <strong>invulgar<\/strong> que cria atmosfera negativa na p\u00e1gina da Marca;<\/span><\/li>\n<li style=\"font-weight: 400;\"><span style=\"font-weight: 400; color: #000000;\">As crises podem acontecer a <strong>qualquer momento<\/strong> na p\u00e1gina, s\u00e3o imprevis\u00edveis;<\/span><\/li>\n<li style=\"font-weight: 400;\"><span style=\"font-weight: 400; color: #000000;\">N\u00e3o existem boas nem m\u00e1s crises, existem crises;<\/span><\/li>\n<li style=\"font-weight: 400;\"><span style=\"font-weight: 400; color: #000000;\">Depois de uma crise come\u00e7ar, <strong>n\u00e3o se sabe como vai acabar nem quando<\/strong>;<\/span><\/li>\n<li style=\"font-weight: 400;\"><span style=\"font-weight: 400; color: #000000;\">N\u00e3o existem crises iguais, nem uma resposta universal para as mesmas;<\/span><\/li>\n<li style=\"font-weight: 400;\"><span style=\"font-weight: 400; color: #000000;\">As crises podem ser um <strong>novo come\u00e7o<\/strong> para a Marca;<\/span><\/li>\n<li style=\"font-weight: 400;\"><span style=\"font-weight: 400; color: #000000;\">As crises podem destruir a <strong>reputa\u00e7\u00e3o<\/strong> de uma Marca se geridas de forma errada.<\/span><\/li>\n<\/ul>\n<p>&nbsp;<\/p>\n<p><span style=\"font-weight: 400; color: #000000;\">Como se preparar para uma crise?<\/span><\/p>\n<ul>\n<li style=\"font-weight: 400;\"><span style=\"font-weight: 400; color: #000000;\">Garantir que existe um documento que <strong>clarifica quem \u00e9 respons\u00e1vel quando uma crise acontece<\/strong>. Este documento deve conter os contactos de todas as pessoas que devem ser envolvidas, bem como alguns procedimentos base;<\/span><\/li>\n<li style=\"font-weight: 400;\"><span style=\"font-weight: 400; color: #000000;\">Quando uma crise tem in\u00edcio devemos pensar como num jogo de xadrez, tentando n\u00e3o s\u00f3 responder \u00e0 quest\u00e3o imediata mas tentando <strong>antever a poss\u00edvel evolu\u00e7\u00e3o<\/strong>;<\/span><\/li>\n<li style=\"font-weight: 400;\"><span style=\"font-weight: 400; color: #000000;\">Quando existir uma atmosfera negativa entre f\u00e3s, \u00e9 responsabilidade da Marca de <strong>resolver o problema o mais cedo poss\u00edvel<\/strong> para evitar algo maior.<\/span><\/li>\n<\/ul>\n<p>&nbsp;<\/p>\n<p><span style=\"font-weight: 400; color: #000000;\">Como lidar com uma crise?<\/span><\/p>\n<ul>\n<li style=\"font-weight: 400;\"><span style=\"font-weight: 400; color: #000000;\">Quando algo corre mal, <strong>tentar responder o mais r\u00e1pido poss\u00edvel<\/strong>. Se for preciso mais tempo para uma resposta, \u00e9 preciso avisar rapidamente os utilizadores agitados;<\/span><\/li>\n<li style=\"font-weight: 400;\"><span style=\"font-weight: 400; color: #000000;\"><strong>N\u00e3o apagar qualquer tipo de feedback negativo<\/strong>. Tentar responder o quanto antes ao problema levantado porque o sil\u00eancio s\u00f3 por si gera buzz negativo pelos f\u00e3s e consumidores;<\/span><\/li>\n<li style=\"font-weight: 400;\"><span style=\"font-weight: 400; color: #000000;\">As <strong>respostas<\/strong> devem ser t\u00e3o <strong>fundamentadas<\/strong> quanto poss\u00edvel, com a informa\u00e7\u00e3o rigorosa e objectiva, isenta de contradi\u00e7\u00f5es;<\/span><\/li>\n<li style=\"font-weight: 400;\"><span style=\"font-weight: 400; color: #000000;\">N\u00e3o apagar qualquer post que correu mal, admitir o erro e pedir desculpa. Estar preparado para <strong>aumentar a frequ\u00eancia de posts<\/strong> de forma a mover o post \u201cn\u00e3o t\u00e3o bom\u201d para fora da vista dos utilizadores;<\/span><\/li>\n<li style=\"font-weight: 400;\"><span style=\"font-weight: 400; color: #000000;\"><strong>Reagir o mais r\u00e1pido poss\u00edvel<\/strong> a uma crise, sem desperdi\u00e7ar processos de valida\u00e7\u00e3o de tempo em v\u00e1rios n\u00edveis. O poder de decis\u00e3o deve estar centralizado e acess\u00edvel.<\/span><\/li>\n<\/ul>\n<p>&nbsp;<\/p>\n<h3><strong><span style=\"color: #000000;\">g) Como implementar mec\u00e2nicas promocionais e passatempos em Facebook<\/span><\/strong><\/h3>\n<p><span style=\"font-weight: 400; color: #000000;\">Muitas Marcas promovem passatempos nas suas p\u00e1ginas para <strong>captar novos seguidores<\/strong> e <strong>manter a interac\u00e7\u00e3o com os f\u00e3s actuais<\/strong>. <\/span><\/p>\n<p><span style=\"font-weight: 400; color: #000000;\">Deixamos assim algumas recomenda\u00e7\u00f5es relativamente \u00e0 realiza\u00e7\u00e3o de passatempos:<\/span><\/p>\n<ul>\n<li style=\"font-weight: 400;\"><span style=\"font-weight: 400; color: #000000;\"><strong>Evitar mec\u00e2nicas que envolvam <a href=\"\/waytrends\/facebook-proibe-estrategia-like-por-conteudo-o-que-e-que-isso-significa-para-os-marketeers\/\" target=\"_blank\" rel=\"noopener\">votos feitos com base em likes<\/a><\/strong> (por exemplo, a foto com mais likes ganha). As pessoas tendem a fazer batota, convidando todos os seus amigos a votar ou usando bots para ter mais likes. Isso faz com que pessoas honestas desistam. Uma alternativa pode passar por usar uma <\/span><a href=\"http:\/\/socialzed.com\" target=\"_blank\" rel=\"noopener\"><span style=\"font-weight: 400;\">plataforma de passatempos como o Socialzed<\/span><\/a><span style=\"font-weight: 400;\"><span style=\"color: #000000;\"> para realizar uma vota\u00e7\u00e3o mais regular;<\/span><\/span><\/li>\n<li style=\"font-weight: 400;\"><span style=\"font-weight: 400; color: #000000;\">Garantir que existe um <strong>regulamento do passatempo<\/strong> e que o mesmo prev\u00ea tudo o que \u00e9 essencial (identifica\u00e7\u00e3o da empresa, funcionamento do passatempo, regras para atribui\u00e7\u00e3o de pr\u00e9mios, defini\u00e7\u00e3o dos pr\u00e9mios, datas de participa\u00e7\u00e3o e an\u00fancios de vencedores, etc);<\/span><\/li>\n<li style=\"font-weight: 400;\"><span style=\"font-weight: 400; color: #000000;\"><strong>Estar preparado para todas as perguntas que os f\u00e3s possam fazer<\/strong>, para que consigamos dar atempadamente uma resposta. \u00c9 preciso ter presente que como os passatempos s\u00e3o limitados no tempo, uma resposta tardia pode impedir um consumidor de participar a tempo;<\/span><\/li>\n<li style=\"font-weight: 400;\"><span style=\"font-weight: 400; color: #000000;\">Pensar sempre em mec\u00e2nicas de passatempo que sejam <strong>simples e f\u00e1ceis de comunicar<\/strong>, uma vez que ningu\u00e9m quer perder tempo a perceb\u00ea-las;<\/span><\/li>\n<li style=\"font-weight: 400;\"><span style=\"font-weight: 400; color: #000000;\">Assegurar que o <strong>esfor\u00e7o requerido ao f\u00e3 corresponde ao pr\u00e9mio que pode ganhar<\/strong>;<\/span><\/li>\n<li style=\"font-weight: 400;\"><span style=\"font-weight: 400; color: #000000;\">Planear o passatempo com <strong>tempo suficiente<\/strong> para os consumidores participarem. Fazer corresponder o esfor\u00e7o de entrada no passatempo com a dura\u00e7\u00e3o do mesmo.<\/span><\/li>\n<\/ul>\n<p>&nbsp;<\/p>\n<p><img loading=\"lazy\" decoding=\"async\" class=\"aligncenter wp-image-3026 size-full\" src=\"https:\/\/www.waynext.com\/waytrends\/wp-content\/uploads\/2016\/04\/Screen-Shot-mecanica-promocional_2.jpg\" alt=\"Mec\u00e2nicas Promocionais e Passatempos no Facebook\" width=\"700\" height=\"346\" srcset=\"https:\/\/www.waynext.com\/waytrends\/wp-content\/uploads\/2016\/04\/Screen-Shot-mecanica-promocional_2.jpg 700w, https:\/\/www.waynext.com\/waytrends\/wp-content\/uploads\/2016\/04\/Screen-Shot-mecanica-promocional_2-636x314.jpg 636w\" sizes=\"auto, (max-width: 700px) 100vw, 700px\" \/><\/p>\n<p>&nbsp;<\/p>\n<p><span style=\"font-weight: 400; color: #000000;\">O Facebook permite realizar passatempos directamente na p\u00e1gina, atrav\u00e9s de um simples post e dos likes ou coment\u00e1rios dos f\u00e3s nesse post. No entanto a nossa recomenda\u00e7\u00e3o \u00e9 que os <strong>passatempos<\/strong> devem ser realizados atrav\u00e9s de <strong>Apps como o Socialzed<\/strong>, desenvolvido pela <a href=\"http:\/\/waynext.com\" target=\"_blank\" rel=\"noopener\">WayNext &#8211; digital agency<\/a>. Atrav\u00e9s do Socialzed \u00e9 f\u00e1cil gerir e lan\u00e7ar <\/span><a href=\"http:\/\/socialzed.com\" target=\"_blank\" rel=\"noopener\"><span style=\"font-weight: 400;\">passatempos<\/span><\/a><span style=\"font-weight: 400; color: #000000;\">, com v\u00e1rias mec\u00e2nicas como envio de fotos\/v\u00eddeos\/frases (com vota\u00e7\u00e3o, se pretendermos) ou resposta a um quiz. O <strong>Socialzed<\/strong> permite que o <strong>gestor de comunidade<\/strong>, sem conhecimentos de programa\u00e7\u00e3o consiga, em poucos minutos, lan\u00e7ar um novo passatempo. Esta plataforma permite ainda recolher de forma autom\u00e1tica os dados pessoais do participante para, por exemplo, simplificar o trabalho de expedi\u00e7\u00e3o dos pr\u00e9mios por correio. O <\/span><a href=\"http:\/\/socialzed.com\" target=\"_blank\" rel=\"noopener\"><span style=\"font-weight: 400;\">Socialzed<\/span><\/a><span style=\"font-weight: 400; color: #000000;\"> est\u00e1 <strong>optimizado para dispositivos m\u00f3veis<\/strong> pelo que o consumidor vai poder participar nas ac\u00e7\u00f5es da Marca mesmo que esteja a usar um <strong>tablet<\/strong> ou <strong>smartphone<\/strong>. Esta plataforma tem ainda uma backoffice dedicado atrav\u00e9s do qual \u00e9 efectuada a gest\u00e3o do passatempo, monitoriza\u00e7\u00e3o de participa\u00e7\u00f5es com um painel anti-fraude, apuramento de m\u00e9tricas de participa\u00e7\u00e3o e de vencedores.<\/span><\/p>\n<p>&nbsp;<\/p>\n<h3><strong><span style=\"color: #000000;\">h) Quais os modelos de publicidade dispon\u00edveis no Facebook<\/span><\/strong><\/h3>\n<p><span style=\"font-weight: 400; color: #000000;\">\u00c9 na publicidade que o Facebook assenta todo o seu modelo de neg\u00f3cio e \u00e9 por isso uma \u00e1rea actualmente muito desenvolvida nesta rede social. O principal argumento do Facebook, para al\u00e9m da audi\u00eancia que a plataforma tem (que \u00e9 muito abrangente e com elevado tempo de exposi\u00e7\u00e3o), reside na <strong>elevada capacidade de segmenta\u00e7\u00e3o<\/strong>. Basta pensarmos que o Facebook ser\u00e1 das poucas plataformas digitais que n\u00e3o s\u00f3 tem os nossos dados pessoais como sabe de que filme gostamos, onde trabalhamos, onde almo\u00e7amos, que eventos frequentamos e muito mais.<\/span><\/p>\n<p>&nbsp;<\/p>\n<p><img loading=\"lazy\" decoding=\"async\" class=\"aligncenter wp-image-3018 size-full\" src=\"https:\/\/www.waynext.com\/waytrends\/wp-content\/uploads\/2016\/04\/Screen-Shot-fb-campaign.jpg\" alt=\"Crit\u00e9rios de Segmenta\u00e7\u00e3o do Facebook\" width=\"700\" height=\"616\" srcset=\"https:\/\/www.waynext.com\/waytrends\/wp-content\/uploads\/2016\/04\/Screen-Shot-fb-campaign.jpg 700w, https:\/\/www.waynext.com\/waytrends\/wp-content\/uploads\/2016\/04\/Screen-Shot-fb-campaign-407x358.jpg 407w\" sizes=\"auto, (max-width: 700px) 100vw, 700px\" \/><\/p>\n<p>&nbsp;<\/p>\n<h3><strong><span style=\"color: #000000;\">Segmenta\u00e7\u00e3o<\/span><\/strong><\/h3>\n<p><span style=\"font-weight: 400; color: #000000;\">A segmenta\u00e7\u00e3o no contexto da publicidade \u00e9 fundamental para aumentar o retorno do investimento. Queremos impactar com os nossos an\u00fancios pessoas que tenham interesse naquilo que temos para dizer. No Facebook existem v\u00e1rios crit\u00e9rios de segmenta\u00e7\u00e3o ao dispor das nossas campanhas:<\/span><\/p>\n<ul>\n<li style=\"font-weight: 400;\"><span style=\"font-weight: 400; color: #000000;\"><strong>Localiza\u00e7\u00e3o:<\/strong> para alcan\u00e7ar pessoas num local que \u00e9 relevante para a Marca (por exemplo, promover uma ac\u00e7\u00e3o numa loja numa \u00e1rea espec\u00edfica ou no Grande Porto);<\/span><\/li>\n<li style=\"font-weight: 400;\"><span style=\"font-weight: 400; color: #000000;\"><strong>Idade:<\/strong> para atingir um grupo et\u00e1rio espec\u00edfico (por exemplo, um passatempo de Facebook que s\u00f3 interessa a pessoas entre os 20 e os 30 anos);<\/span><\/li>\n<li style=\"font-weight: 400;\"><span style=\"font-weight: 400; color: #000000;\"><strong>G\u00e9nero:<\/strong> para segmentar a audi\u00eancia consoante o sexo (por exemplo, criar um post dirigido a mulheres e um outro para homens);<\/span><\/li>\n<li style=\"font-weight: 400;\"><span style=\"font-weight: 400; color: #000000;\"><strong>Interesses:<\/strong> para alcan\u00e7ar pessoas com um interesse particular (por exemplo, comunicar com pessoas que se interessam por jardinagem);<\/span><\/li>\n<li style=\"font-weight: 400;\"><span style=\"font-weight: 400; color: #000000;\"><strong>Idioma:<\/strong> para atingir pessoas que falem uma l\u00edngua espec\u00edfica (por exemplo, uma p\u00e1gina em Fran\u00e7a que tem um post s\u00f3 para quem fala ingl\u00eas).<\/span><\/li>\n<\/ul>\n<p>Se quiser ainda saber mais sobre segmenta\u00e7\u00e3o leia o nosso post sobre o potencial das <a href=\"https:\/\/www.waynext.com\/waytrends\/facebook-como-tirar-o-maximo-partido-das-custom-audiences\/\" target=\"_blank\" rel=\"noopener\">custom audiences<\/a>.<\/p>\n<h3><strong><span style=\"color: #000000;\">Facebook Ads<\/span><\/strong><\/h3>\n<p><span style=\"font-weight: 400; color: #000000;\">\u00c9 poss\u00edvel criar Facebook Ads com diferentes objectivos. Quando se cria um Facebook Ads, a primeira parametriza\u00e7\u00e3o diz respeito ao objectivo da campanha que pretendemos criar:<\/span><\/p>\n<ul>\n<li style=\"font-weight: 400;\"><span style=\"color: #000000;\"><b>Promover post:<\/b><span style=\"font-weight: 400;\"> \u00e9 o formato mais conhecido (Promoted Post) e permite na pr\u00e1tica alargar a audi\u00eancia de um determinado post. Ou seja, para al\u00e9m da audi\u00eancia org\u00e2nica do post, em fun\u00e7\u00e3o do valor investido o post ser\u00e1 tamb\u00e9m mostrado a outros utilizadores do Facebook de acordo com uma determinada segmenta\u00e7\u00e3o;<\/span><\/span><\/li>\n<li style=\"font-weight: 400;\"><span style=\"color: #000000;\"><b>Promover a p\u00e1gina:<\/b><span style=\"font-weight: 400;\"> cria-se este tipo de an\u00fancio quando se quer aumentar o n\u00famero de seguidores da p\u00e1gina (\u201caumentar os likes\u201d);<\/span><\/span><\/li>\n<li style=\"font-weight: 400;\"><span style=\"color: #000000;\"><b>Enviar pessoas para um website:<\/b><span style=\"font-weight: 400;\"> quando se quer encorajar as pessoas a visitar determinado URL externo;<\/span><\/span><\/li>\n<li style=\"font-weight: 400;\"><span style=\"color: #000000;\"><b>Aumentar as convers\u00f5es num website:<\/b><span style=\"font-weight: 400;\"> para promover ac\u00e7\u00f5es espec\u00edficas que as pessoas podem fazer num website, por exemplo, realizar uma compra ou subscrever uma newsletter (\u00e9 preciso um conversation-tracking pixel para acompanhar os resultados);<\/span><\/span><\/li>\n<li style=\"font-weight: 400;\"><span style=\"color: #000000;\"><b>Promover downloads de uma app:<\/b><span style=\"font-weight: 400;\"> quando se quer promover uma app junto de um determinado p\u00fablico e\/ou num dado contexto;<\/span><\/span><\/li>\n<li style=\"font-weight: 400;\"><span style=\"color: #000000;\"><b>Aumentar as intera\u00e7\u00f5es na app:<\/b><span style=\"font-weight: 400;\"> semelhante \u00e0s convers\u00f5es em websites;<\/span><\/span><\/li>\n<li style=\"font-weight: 400;\"><span style=\"color: #000000;\"><b>Alcan\u00e7ar pessoas junto do neg\u00f3cio:<\/b><span style=\"font-weight: 400;\"> quando se quer chegar \u00e0s pessoas que vivem perto ou est\u00e3o perto do nosso estabelecimento local;<\/span><\/span><\/li>\n<li style=\"font-weight: 400;\"><span style=\"color: #000000;\"><b>Aumentar as respostas a um evento: <\/b><span style=\"font-weight: 400;\">para promover um evento;<\/span><\/span><\/li>\n<li style=\"font-weight: 400;\"><span style=\"color: #000000;\"><b>Obter visualiza\u00e7\u00f5es de v\u00eddeo:<\/b><span style=\"font-weight: 400;\"> quando se pretende que um v\u00eddeo partilhado no Facebook chegue a mais pessoas e seja mais visto.<\/span><\/span><\/li>\n<\/ul>\n<p>&nbsp;<\/p>\n<h3><strong><span style=\"color: #000000;\">i) Entender as m\u00e9tricas para gest\u00e3o de comunidade no Facebook<\/span><\/strong><\/h3>\n<p><span style=\"font-weight: 400; color: #000000;\">J\u00e1 em tempos t\u00ednhamos aqui escrito sobre as <a href=\"\/waytrends\/like-comment-share-click-view-um-olhar-sob-as-metricas-do-facebook\/\" target=\"_blank\" rel=\"noopener\">m\u00e9tricas do Facebook<\/a>. A verdade \u00e9 que o Facebook tem muitas ferramentas para ajudar os gestores das p\u00e1ginas a avaliar o seu trabalho. Atrav\u00e9s do Facebook Insights, conseguimos saber quem s\u00e3o as pessoas que seguem a nossa p\u00e1gina, onde est\u00e3o, que idade t\u00eam, quais os seus interesses e tamb\u00e9m quem s\u00e3o as pessoas que interagem com os nossos posts.<\/span><\/p>\n<p>&nbsp;<\/p>\n<p><img loading=\"lazy\" decoding=\"async\" class=\"aligncenter wp-image-3019 size-full\" src=\"https:\/\/www.waynext.com\/waytrends\/wp-content\/uploads\/2016\/04\/screenshot-Overview-de-Insights.jpg\" alt=\"M\u00e9tricas de uma P\u00e1gina de Facebook\" width=\"700\" height=\"445\" srcset=\"https:\/\/www.waynext.com\/waytrends\/wp-content\/uploads\/2016\/04\/screenshot-Overview-de-Insights.jpg 700w, https:\/\/www.waynext.com\/waytrends\/wp-content\/uploads\/2016\/04\/screenshot-Overview-de-Insights-563x358.jpg 563w\" sizes=\"auto, (max-width: 700px) 100vw, 700px\" \/><\/p>\n<p>&nbsp;<\/p>\n<p><span style=\"font-weight: 400; color: #000000;\">As m\u00e9tricas de uma p\u00e1gina est\u00e3o divididas em oito separadores: Likes, Reach, Page Views, Actions On Page, Posts, Videos e People.<\/span><\/p>\n<p><span style=\"color: #000000;\"><span style=\"font-weight: 400;\">No painel <\/span><b>Likes<\/b><span style=\"font-weight: 400;\"> \u00e9 poss\u00edvel acompanhar a evolu\u00e7\u00e3o quantitativa da comunidade, monitorizando tamb\u00e9m as pessoas que decidiram deixar de acompanhar a Marca no Facebook (isto \u00e9, que fizeram unlike \u00e0 p\u00e1gina). <\/span><\/span><\/p>\n<p><span style=\"color: #000000;\"><span style=\"font-weight: 400;\">O <\/span><b>Reach<\/b><span style=\"font-weight: 400;\"> ou alcance, \u00e9 tamb\u00e9m um separador importante. Representa o n\u00famero de pessoas que viram qualquer actividade da\/na p\u00e1gina, incluindo posts, posts de outras pessoas, an\u00fancios, men\u00e7\u00f5es, check-ins, etc. O alcance pode ser pago ou org\u00e2nico, consoante tenha sido ou n\u00e3o o resultado de investimento monet\u00e1rio na plataforma. Organicamente, o alcance pode ser afectado por:<\/span><\/span><\/p>\n<ul>\n<li style=\"font-weight: 400;\"><span style=\"color: #000000;\"><b>Feedback Positivo: <\/b><span style=\"font-weight: 400;\">ac\u00e7\u00f5es que fazem com que os posts cheguem a mais pessoas. Estas ac\u00e7\u00f5es incluem likes, coment\u00e1rios, partilhas e post cliques (photo views, video plays, link cliques e other cliques);<\/span><\/span><\/li>\n<li style=\"font-weight: 400;\"><span style=\"color: #000000;\"><b>Feedback Negativo:<\/b><span style=\"font-weight: 400;\"> ac\u00e7\u00f5es que diminuem o n\u00famero de pessoas que vai alcan\u00e7ar. Estas ac\u00e7\u00f5es incluem esconder um post ou esconder todos os posts do News Feed, reportar spam ou <span style=\"color: #000000;\">fazer unlike a uma p\u00e1gina.<\/span><\/span><\/span><\/li>\n<\/ul>\n<p><span style=\"color: #000000;\"><span style=\"font-weight: 400;\">Em <\/span><b>Page Views<\/b><span style=\"font-weight: 400;\">, podemos descobrir quantas pessoas visitaram efectivamente a nossa p\u00e1gina. De notar que a maioria dos f\u00e3s n\u00e3o vai directamente \u00e0s p\u00e1ginas das Marcas, a n\u00e3o ser que precise de encontrar algo espec\u00edfico nela (como uma imagem, uma informa\u00e7\u00e3o ou um evento) ou que existe alguma iniciativa especial (como um Passatempo ou Promo\u00e7\u00e3o). Tipicamente o f\u00e3 acompanha os posts no News Feed.<\/span><\/span><\/p>\n<p><span style=\"color: #000000;\"><span style=\"font-weight: 400;\">No separador <\/span><b>Actions On Page<\/b><span style=\"font-weight: 400;\"> ficamos a saber quantas pessoas usaram a nossa p\u00e1gina para saber direc\u00e7\u00f5es para o nosso espa\u00e7o f\u00edsico, obter um n\u00famero de telefone ou ir para o nosso website. Tamb\u00e9m podemos acompanhar o bot\u00e3o de <\/span><\/span><a href=\"https:\/\/www.facebook.com\/business\/help\/312169205649942\" target=\"_blank\" rel=\"noopener\"><span style=\"font-weight: 400;\">call-to-action<\/span><\/a><span style=\"font-weight: 400; color: #000000;\"> que coloc\u00e1mos no topo da nossa p\u00e1gina.<\/span><\/p>\n<p><span style=\"color: #000000;\"><span style=\"font-weight: 400;\">Os pain\u00e9is <\/span><b>Posts<\/b><span style=\"font-weight: 400;\"> e <\/span><b>V\u00eddeos<\/b><span style=\"font-weight: 400;\"> d\u00e3o-nos acesso \u00e0s m\u00e9tricas espec\u00edficas de cada conte\u00fado (post ou v\u00eddeo) publicado na p\u00e1gina. Podemos aqui obter informa\u00e7\u00e3o sobre o conte\u00fado que partilh\u00e1mos na p\u00e1gina, nomeadamente o alcance e as interac\u00e7\u00f5es com cada post\/v\u00eddeo. Estes separadores d\u00e3o-nos uma lista completa de todos os posts e v\u00eddeos partilhados e dizem-nos tamb\u00e9m quais os melhores formatos de post (fotos, links ou outros), quais as alturas do dia e os dias em que os f\u00e3s est\u00e3o mais activos e quantas visualiza\u00e7\u00f5es tiveram os nossos v\u00eddeos no geral.<\/span><\/span><\/p>\n<p><span style=\"color: #000000;\"><span style=\"font-weight: 400;\">No item <\/span><b>People<\/b><span style=\"font-weight: 400;\"> \u00e9 onde temos informa\u00e7\u00e3o demogr\u00e1fica sobre a audi\u00eancia da p\u00e1gina. Aqui podemos conhecer a distribui\u00e7\u00e3o dos nossos f\u00e3s por g\u00e9nero e idade, pa\u00edses, cidades e idioma. Esta informa\u00e7\u00e3o est\u00e1 dispon\u00edvel n\u00e3o s\u00f3 para a base de f\u00e3s total, mas tamb\u00e9m para os f\u00e3s alcan\u00e7ados pelas publica\u00e7\u00f5es (que como sabemos n\u00e3o correspondem \u00e0 base total de f\u00e3s) e tamb\u00e9m para os f\u00e3s que interajam com as publica\u00e7\u00f5es (idem do anterior).<\/span><\/span><\/p>\n","protected":false},"excerpt":{"rendered":"<p>Praticamente todos o conhecem. Muitos usam-no. Estima-se que em Portugal existam 5 milh\u00f5es de utilizadores do Facebook o que faz com que o potencial comercial desta rede para as Marcas seja enorme. Mas para tirar o melhor partido de toda esta audi\u00eancia \u00e9 preciso fazer um excelente trabalho de gest\u00e3o de comunidades.<\/p>\n","protected":false},"author":49,"featured_media":3048,"comment_status":"open","ping_status":"open","sticky":false,"template":"","format":"standard","meta":{"footnotes":""},"categories":[1],"tags":[278,222,106,235],"class_list":["post-2969","post","type-post","status-publish","format-standard","has-post-thumbnail","hentry","category-uncategorized","tag-comunidade","tag-estrategia","tag-facebook","tag-gestao"],"yoast_head":"<!-- This site is optimized with the Yoast SEO plugin v24.9 - https:\/\/yoast.com\/wordpress\/plugins\/seo\/ -->\n<title>Gest\u00e3o de comunidade no Facebook - tudo o que precisa de saber - WayTrends<\/title>\n<meta name=\"description\" content=\"\u00a0Saiba tudo sobre a gest\u00e3o de comunidade no Facebook a maior rede social do mundo\" \/>\n<meta name=\"robots\" content=\"index, follow, max-snippet:-1, max-image-preview:large, max-video-preview:-1\" \/>\n<link rel=\"canonical\" href=\"https:\/\/www.waynext.com\/waytrends\/gestao-de-comunidade-no-facebook\/\" \/>\n<meta name=\"twitter:label1\" content=\"Escrito por\" \/>\n\t<meta name=\"twitter:data1\" content=\"WayNext\" \/>\n\t<meta name=\"twitter:label2\" content=\"Tempo estimado de leitura\" \/>\n\t<meta name=\"twitter:data2\" content=\"36 minutos\" \/>\n<script type=\"application\/ld+json\" class=\"yoast-schema-graph\">{\"@context\":\"https:\/\/schema.org\",\"@graph\":[{\"@type\":\"Article\",\"@id\":\"https:\/\/www.waynext.com\/waytrends\/gestao-de-comunidade-no-facebook\/#article\",\"isPartOf\":{\"@id\":\"https:\/\/www.waynext.com\/waytrends\/gestao-de-comunidade-no-facebook\/\"},\"author\":{\"name\":\"WayNext\",\"@id\":\"https:\/\/www.waynext.com\/waytrends\/#\/schema\/person\/68da9f24501cdbe541374a0083ce1d34\"},\"headline\":\"Gest\u00e3o de comunidade no Facebook &#8211; tudo o que precisa de saber\",\"datePublished\":\"2016-04-07T15:16:19+00:00\",\"dateModified\":\"2018-02-19T11:49:09+00:00\",\"mainEntityOfPage\":{\"@id\":\"https:\/\/www.waynext.com\/waytrends\/gestao-de-comunidade-no-facebook\/\"},\"wordCount\":7271,\"commentCount\":1,\"publisher\":{\"@id\":\"https:\/\/www.waynext.com\/waytrends\/#organization\"},\"image\":{\"@id\":\"https:\/\/www.waynext.com\/waytrends\/gestao-de-comunidade-no-facebook\/#primaryimage\"},\"thumbnailUrl\":\"https:\/\/www.waynext.com\/waytrends\/wp-content\/uploads\/2016\/04\/GestaoComunidades.jpg\",\"keywords\":[\"comunidade\",\"estrat\u00e9gia\",\"facebook\",\"gest\u00e3o\"],\"articleSection\":[\"Uncategorized\"],\"inLanguage\":\"pt-PT\",\"potentialAction\":[{\"@type\":\"CommentAction\",\"name\":\"Comment\",\"target\":[\"https:\/\/www.waynext.com\/waytrends\/gestao-de-comunidade-no-facebook\/#respond\"]}]},{\"@type\":\"WebPage\",\"@id\":\"https:\/\/www.waynext.com\/waytrends\/gestao-de-comunidade-no-facebook\/\",\"url\":\"https:\/\/www.waynext.com\/waytrends\/gestao-de-comunidade-no-facebook\/\",\"name\":\"Gest\u00e3o de comunidade no Facebook - tudo o que precisa de saber - WayTrends\",\"isPartOf\":{\"@id\":\"https:\/\/www.waynext.com\/waytrends\/#website\"},\"primaryImageOfPage\":{\"@id\":\"https:\/\/www.waynext.com\/waytrends\/gestao-de-comunidade-no-facebook\/#primaryimage\"},\"image\":{\"@id\":\"https:\/\/www.waynext.com\/waytrends\/gestao-de-comunidade-no-facebook\/#primaryimage\"},\"thumbnailUrl\":\"https:\/\/www.waynext.com\/waytrends\/wp-content\/uploads\/2016\/04\/GestaoComunidades.jpg\",\"datePublished\":\"2016-04-07T15:16:19+00:00\",\"dateModified\":\"2018-02-19T11:49:09+00:00\",\"description\":\"\u00a0Saiba tudo sobre a gest\u00e3o de comunidade no Facebook a maior rede social do mundo\",\"breadcrumb\":{\"@id\":\"https:\/\/www.waynext.com\/waytrends\/gestao-de-comunidade-no-facebook\/#breadcrumb\"},\"inLanguage\":\"pt-PT\",\"potentialAction\":[{\"@type\":\"ReadAction\",\"target\":[\"https:\/\/www.waynext.com\/waytrends\/gestao-de-comunidade-no-facebook\/\"]}]},{\"@type\":\"ImageObject\",\"inLanguage\":\"pt-PT\",\"@id\":\"https:\/\/www.waynext.com\/waytrends\/gestao-de-comunidade-no-facebook\/#primaryimage\",\"url\":\"https:\/\/www.waynext.com\/waytrends\/wp-content\/uploads\/2016\/04\/GestaoComunidades.jpg\",\"contentUrl\":\"https:\/\/www.waynext.com\/waytrends\/wp-content\/uploads\/2016\/04\/GestaoComunidades.jpg\",\"width\":1400,\"height\":698,\"caption\":\"Gestao de Comunidades\"},{\"@type\":\"BreadcrumbList\",\"@id\":\"https:\/\/www.waynext.com\/waytrends\/gestao-de-comunidade-no-facebook\/#breadcrumb\",\"itemListElement\":[{\"@type\":\"ListItem\",\"position\":1,\"name\":\"Home\",\"item\":\"https:\/\/www.waynext.com\/waytrends\/\"},{\"@type\":\"ListItem\",\"position\":2,\"name\":\"Gest\u00e3o de comunidade no Facebook &#8211; tudo o que precisa de saber\"}]},{\"@type\":\"WebSite\",\"@id\":\"https:\/\/www.waynext.com\/waytrends\/#website\",\"url\":\"https:\/\/www.waynext.com\/waytrends\/\",\"name\":\"WayTrends\",\"description\":\"by Waynext - Ag\u00eancia Digital\",\"publisher\":{\"@id\":\"https:\/\/www.waynext.com\/waytrends\/#organization\"},\"potentialAction\":[{\"@type\":\"SearchAction\",\"target\":{\"@type\":\"EntryPoint\",\"urlTemplate\":\"https:\/\/www.waynext.com\/waytrends\/?s={search_term_string}\"},\"query-input\":{\"@type\":\"PropertyValueSpecification\",\"valueRequired\":true,\"valueName\":\"search_term_string\"}}],\"inLanguage\":\"pt-PT\"},{\"@type\":\"Organization\",\"@id\":\"https:\/\/www.waynext.com\/waytrends\/#organization\",\"name\":\"WayNext - Ag\u00eancia Digital\",\"url\":\"https:\/\/www.waynext.com\/waytrends\/\",\"logo\":{\"@type\":\"ImageObject\",\"inLanguage\":\"pt-PT\",\"@id\":\"https:\/\/www.waynext.com\/waytrends\/#\/schema\/logo\/image\/\",\"url\":\"https:\/\/www.waynext.com\/waytrends\/wp-content\/uploads\/2015\/07\/waynext-logo1.png\",\"contentUrl\":\"https:\/\/www.waynext.com\/waytrends\/wp-content\/uploads\/2015\/07\/waynext-logo1.png\",\"width\":800,\"height\":300,\"caption\":\"WayNext - Ag\u00eancia Digital\"},\"image\":{\"@id\":\"https:\/\/www.waynext.com\/waytrends\/#\/schema\/logo\/image\/\"},\"sameAs\":[\"https:\/\/www.facebook.com\/WayNext\",\"https:\/\/x.com\/WayNext\",\"https:\/\/www.linkedin.com\/company\/waynext\"]},{\"@type\":\"Person\",\"@id\":\"https:\/\/www.waynext.com\/waytrends\/#\/schema\/person\/68da9f24501cdbe541374a0083ce1d34\",\"name\":\"WayNext\",\"image\":{\"@type\":\"ImageObject\",\"inLanguage\":\"pt-PT\",\"@id\":\"https:\/\/www.waynext.com\/waytrends\/#\/schema\/person\/image\/\",\"url\":\"https:\/\/secure.gravatar.com\/avatar\/ca75f5f2d309f951ecfe9d432c4c1f81a08ce0587931d19c4999f9cf92d56449?s=96&d=mm&r=g\",\"contentUrl\":\"https:\/\/secure.gravatar.com\/avatar\/ca75f5f2d309f951ecfe9d432c4c1f81a08ce0587931d19c4999f9cf92d56449?s=96&d=mm&r=g\",\"caption\":\"WayNext\"},\"sameAs\":[\"https:\/\/www.waynext.com\"],\"url\":\"https:\/\/www.waynext.com\/waytrends\/author\/waynexteam\/\"}]}<\/script>\n<!-- \/ Yoast SEO plugin. -->","yoast_head_json":{"title":"Gest\u00e3o de comunidade no Facebook - tudo o que precisa de saber - WayTrends","description":"\u00a0Saiba tudo sobre a gest\u00e3o de comunidade no Facebook a maior rede social do mundo","robots":{"index":"index","follow":"follow","max-snippet":"max-snippet:-1","max-image-preview":"max-image-preview:large","max-video-preview":"max-video-preview:-1"},"canonical":"https:\/\/www.waynext.com\/waytrends\/gestao-de-comunidade-no-facebook\/","twitter_misc":{"Escrito por":"WayNext","Tempo estimado de leitura":"36 minutos"},"schema":{"@context":"https:\/\/schema.org","@graph":[{"@type":"Article","@id":"https:\/\/www.waynext.com\/waytrends\/gestao-de-comunidade-no-facebook\/#article","isPartOf":{"@id":"https:\/\/www.waynext.com\/waytrends\/gestao-de-comunidade-no-facebook\/"},"author":{"name":"WayNext","@id":"https:\/\/www.waynext.com\/waytrends\/#\/schema\/person\/68da9f24501cdbe541374a0083ce1d34"},"headline":"Gest\u00e3o de comunidade no Facebook &#8211; tudo o que precisa de saber","datePublished":"2016-04-07T15:16:19+00:00","dateModified":"2018-02-19T11:49:09+00:00","mainEntityOfPage":{"@id":"https:\/\/www.waynext.com\/waytrends\/gestao-de-comunidade-no-facebook\/"},"wordCount":7271,"commentCount":1,"publisher":{"@id":"https:\/\/www.waynext.com\/waytrends\/#organization"},"image":{"@id":"https:\/\/www.waynext.com\/waytrends\/gestao-de-comunidade-no-facebook\/#primaryimage"},"thumbnailUrl":"https:\/\/www.waynext.com\/waytrends\/wp-content\/uploads\/2016\/04\/GestaoComunidades.jpg","keywords":["comunidade","estrat\u00e9gia","facebook","gest\u00e3o"],"articleSection":["Uncategorized"],"inLanguage":"pt-PT","potentialAction":[{"@type":"CommentAction","name":"Comment","target":["https:\/\/www.waynext.com\/waytrends\/gestao-de-comunidade-no-facebook\/#respond"]}]},{"@type":"WebPage","@id":"https:\/\/www.waynext.com\/waytrends\/gestao-de-comunidade-no-facebook\/","url":"https:\/\/www.waynext.com\/waytrends\/gestao-de-comunidade-no-facebook\/","name":"Gest\u00e3o de comunidade no Facebook - tudo o que precisa de saber - WayTrends","isPartOf":{"@id":"https:\/\/www.waynext.com\/waytrends\/#website"},"primaryImageOfPage":{"@id":"https:\/\/www.waynext.com\/waytrends\/gestao-de-comunidade-no-facebook\/#primaryimage"},"image":{"@id":"https:\/\/www.waynext.com\/waytrends\/gestao-de-comunidade-no-facebook\/#primaryimage"},"thumbnailUrl":"https:\/\/www.waynext.com\/waytrends\/wp-content\/uploads\/2016\/04\/GestaoComunidades.jpg","datePublished":"2016-04-07T15:16:19+00:00","dateModified":"2018-02-19T11:49:09+00:00","description":"\u00a0Saiba tudo sobre a gest\u00e3o de comunidade no Facebook a maior rede social do mundo","breadcrumb":{"@id":"https:\/\/www.waynext.com\/waytrends\/gestao-de-comunidade-no-facebook\/#breadcrumb"},"inLanguage":"pt-PT","potentialAction":[{"@type":"ReadAction","target":["https:\/\/www.waynext.com\/waytrends\/gestao-de-comunidade-no-facebook\/"]}]},{"@type":"ImageObject","inLanguage":"pt-PT","@id":"https:\/\/www.waynext.com\/waytrends\/gestao-de-comunidade-no-facebook\/#primaryimage","url":"https:\/\/www.waynext.com\/waytrends\/wp-content\/uploads\/2016\/04\/GestaoComunidades.jpg","contentUrl":"https:\/\/www.waynext.com\/waytrends\/wp-content\/uploads\/2016\/04\/GestaoComunidades.jpg","width":1400,"height":698,"caption":"Gestao de Comunidades"},{"@type":"BreadcrumbList","@id":"https:\/\/www.waynext.com\/waytrends\/gestao-de-comunidade-no-facebook\/#breadcrumb","itemListElement":[{"@type":"ListItem","position":1,"name":"Home","item":"https:\/\/www.waynext.com\/waytrends\/"},{"@type":"ListItem","position":2,"name":"Gest\u00e3o de comunidade no Facebook &#8211; tudo o que precisa de saber"}]},{"@type":"WebSite","@id":"https:\/\/www.waynext.com\/waytrends\/#website","url":"https:\/\/www.waynext.com\/waytrends\/","name":"WayTrends","description":"by Waynext - Ag\u00eancia Digital","publisher":{"@id":"https:\/\/www.waynext.com\/waytrends\/#organization"},"potentialAction":[{"@type":"SearchAction","target":{"@type":"EntryPoint","urlTemplate":"https:\/\/www.waynext.com\/waytrends\/?s={search_term_string}"},"query-input":{"@type":"PropertyValueSpecification","valueRequired":true,"valueName":"search_term_string"}}],"inLanguage":"pt-PT"},{"@type":"Organization","@id":"https:\/\/www.waynext.com\/waytrends\/#organization","name":"WayNext - Ag\u00eancia Digital","url":"https:\/\/www.waynext.com\/waytrends\/","logo":{"@type":"ImageObject","inLanguage":"pt-PT","@id":"https:\/\/www.waynext.com\/waytrends\/#\/schema\/logo\/image\/","url":"https:\/\/www.waynext.com\/waytrends\/wp-content\/uploads\/2015\/07\/waynext-logo1.png","contentUrl":"https:\/\/www.waynext.com\/waytrends\/wp-content\/uploads\/2015\/07\/waynext-logo1.png","width":800,"height":300,"caption":"WayNext - Ag\u00eancia Digital"},"image":{"@id":"https:\/\/www.waynext.com\/waytrends\/#\/schema\/logo\/image\/"},"sameAs":["https:\/\/www.facebook.com\/WayNext","https:\/\/x.com\/WayNext","https:\/\/www.linkedin.com\/company\/waynext"]},{"@type":"Person","@id":"https:\/\/www.waynext.com\/waytrends\/#\/schema\/person\/68da9f24501cdbe541374a0083ce1d34","name":"WayNext","image":{"@type":"ImageObject","inLanguage":"pt-PT","@id":"https:\/\/www.waynext.com\/waytrends\/#\/schema\/person\/image\/","url":"https:\/\/secure.gravatar.com\/avatar\/ca75f5f2d309f951ecfe9d432c4c1f81a08ce0587931d19c4999f9cf92d56449?s=96&d=mm&r=g","contentUrl":"https:\/\/secure.gravatar.com\/avatar\/ca75f5f2d309f951ecfe9d432c4c1f81a08ce0587931d19c4999f9cf92d56449?s=96&d=mm&r=g","caption":"WayNext"},"sameAs":["https:\/\/www.waynext.com"],"url":"https:\/\/www.waynext.com\/waytrends\/author\/waynexteam\/"}]}},"amp_enabled":true,"_links":{"self":[{"href":"https:\/\/www.waynext.com\/waytrends\/wp-json\/wp\/v2\/posts\/2969","targetHints":{"allow":["GET"]}}],"collection":[{"href":"https:\/\/www.waynext.com\/waytrends\/wp-json\/wp\/v2\/posts"}],"about":[{"href":"https:\/\/www.waynext.com\/waytrends\/wp-json\/wp\/v2\/types\/post"}],"author":[{"embeddable":true,"href":"https:\/\/www.waynext.com\/waytrends\/wp-json\/wp\/v2\/users\/49"}],"replies":[{"embeddable":true,"href":"https:\/\/www.waynext.com\/waytrends\/wp-json\/wp\/v2\/comments?post=2969"}],"version-history":[{"count":66,"href":"https:\/\/www.waynext.com\/waytrends\/wp-json\/wp\/v2\/posts\/2969\/revisions"}],"predecessor-version":[{"id":4654,"href":"https:\/\/www.waynext.com\/waytrends\/wp-json\/wp\/v2\/posts\/2969\/revisions\/4654"}],"wp:featuredmedia":[{"embeddable":true,"href":"https:\/\/www.waynext.com\/waytrends\/wp-json\/wp\/v2\/media\/3048"}],"wp:attachment":[{"href":"https:\/\/www.waynext.com\/waytrends\/wp-json\/wp\/v2\/media?parent=2969"}],"wp:term":[{"taxonomy":"category","embeddable":true,"href":"https:\/\/www.waynext.com\/waytrends\/wp-json\/wp\/v2\/categories?post=2969"},{"taxonomy":"post_tag","embeddable":true,"href":"https:\/\/www.waynext.com\/waytrends\/wp-json\/wp\/v2\/tags?post=2969"}],"curies":[{"name":"wp","href":"https:\/\/api.w.org\/{rel}","templated":true}]}}